{"id":1291,"date":"2016-09-09T09:49:15","date_gmt":"2016-09-09T07:49:15","guid":{"rendered":"http:\/\/blog.tido.world\/norwegen\/?p=1291"},"modified":"2017-01-15T19:30:59","modified_gmt":"2017-01-15T18:30:59","slug":"heimfahrt","status":"publish","type":"post","link":"http:\/\/blog.tido.world\/norwegen\/heimfahrt\/","title":{"rendered":"Heimfahrt"},"content":{"rendered":"<p id=\"post-subtitle\">Strahlender Abschied<\/p>\n<p><i class=\"fa fa-quote-left fa-2x fa-pull-left\"><\/i>Bereits am fr\u00fchen Morgen zeigte sich Norwegen wettertechnisch von seiner besten Seite. Waren wir noch vor knapp drei Wochen bei str\u00f6mendem Regen von der F\u00e4hre gefahren, legten wir heute die letzten Kilometer im Land bei strahlender Sonne und wolkenlosen Himmel zur\u00fcck.<br \/>\nZun\u00e4chst war Schweden unser grobes Ziel. Da wir erst f\u00fcr morgen die F\u00e4hre von Gedser in D\u00e4nemark nach Rostock in Deutschland gebucht hatten, konnten wir es recht gem\u00fctlich angehen lassen. Das sch\u00f6ne Licht und die vielen spiegelgaletten Seen lie\u00dfen uns immer wieder anhalten, um ein kurzes Snackp\u00e4uschen einzulegen. Nichtsdestotrotz ereichten wir am Nachmittag die Grenze zu Schweden. Und absolut passend bildete an dieser Stelle ein Fjord, genauer der <a href=\"https:\/\/de.wikipedia.org\/wiki\/Iddefjord\" target=\"_blank\">Iddefjord <i class=\"fa fa-external-link\"><\/i><\/a>, die nat\u00fcrliche Trennung der beiden skandinavischen L\u00e4nder. Auf einer der Br\u00fccken hie\u00df es dann erst einmal &#8222;Bye bye Norge &#8230; hello Sverige!&#8220;.<\/p>\n<p><style type='text\/css'>\n    #ngg-gallery-b42444b1517bfa44320aa95c98749680 .ngg-pro-masonry-item {\n        margin-bottom: 12px;\n    }\n<\/style>\n<div class=\"ngg-pro-masonry\" id=\"ngg-gallery-b42444b1517bfa44320aa95c98749680\">\n    <div class='ngg-pro-masonry-gutter' style='width: 12px'><\/div>\n    <div class='ngg-pro-masonry-sizer' style='width: 192px'><\/div>\n                <div class='ngg-pro-masonry-item' style='height: 288px; max-width: 192px;'>\n                <a href=\"http:\/\/blog.tido.world\/norwegen\/wp-uploads\/nggallery\/15\/nor-031-heimfahrt\/blog_norwegen_20160908_084331.jpg\"\n                   title=\"\"\n                   data-src=\"http:\/\/blog.tido.world\/norwegen\/wp-uploads\/nggallery\/15\/nor-031-heimfahrt\/blog_norwegen_20160908_084331.jpg\"\n                   data-thumbnail=\"http:\/\/blog.tido.world\/norwegen\/wp-uploads\/nggallery\/15\/nor-031-heimfahrt\/cache\/blog_norwegen_20160908_084331.jpg-nggid03387-ngg0dyn-192x0-00f0w010c010r110f110r010t010.jpg\"\n                   data-image-id=\"387\"\n                   data-title=\"blog_norwegen_20160908_084331\"\n                   data-description=\"\"\n                   data-ngg-captions-nostylecopy=\"1\"\n                   class='nextgen_pro_lightbox' data-nplmodal-gallery-id='b42444b1517bfa44320aa95c98749680'>\n\t                <picture>\n\t\n<source srcset='http:\/\/blog.tido.world\/norwegen\/wp-uploads\/nggallery\/15\/nor-031-heimfahrt\/cache\/blog_norwegen_20160908_084331.jpg-nggid03387-ngg0dyn-192x0-00f0w010c010r110f110r010t010.jpg' media=''>\n<img title=\"blog_norwegen_20160908_084331\" alt=\"blog_norwegen_20160908_084331\" width=\"192\" height=\"288\" style=\"max-width:192px;max-height:288px\" srcset=\"http:\/\/blog.tido.world\/norwegen\/wp-uploads\/nggallery\/15\/nor-031-heimfahrt\/cache\/blog_norwegen_20160908_084331.jpg-nggid03387-ngg0dyn-192x0-00f0w010c010r110f110r010t010.jpg\"\/>\n<\/picture>                <\/a>\n            <\/div>\n                                    <div class='ngg-pro-masonry-item' style='height: 128px; max-width: 192px;'>\n                <a href=\"http:\/\/blog.tido.world\/norwegen\/wp-uploads\/nggallery\/15\/nor-031-heimfahrt\/blog_norwegen_20160908_105442.jpg\"\n                   title=\"\"\n                   data-src=\"http:\/\/blog.tido.world\/norwegen\/wp-uploads\/nggallery\/15\/nor-031-heimfahrt\/blog_norwegen_20160908_105442.jpg\"\n                   data-thumbnail=\"http:\/\/blog.tido.world\/norwegen\/wp-uploads\/nggallery\/15\/nor-031-heimfahrt\/cache\/blog_norwegen_20160908_105442.jpg-nggid03389-ngg0dyn-192x0-00f0w010c010r110f110r010t010.jpg\"\n                   data-image-id=\"389\"\n                   data-title=\"blog_norwegen_20160908_105442\"\n                   data-description=\"\"\n                   data-ngg-captions-nostylecopy=\"1\"\n                   class='nextgen_pro_lightbox' data-nplmodal-gallery-id='b42444b1517bfa44320aa95c98749680'>\n\t                <picture>\n\t\n<source srcset='http:\/\/blog.tido.world\/norwegen\/wp-uploads\/nggallery\/15\/nor-031-heimfahrt\/cache\/blog_norwegen_20160908_105442.jpg-nggid03389-ngg0dyn-192x0-00f0w010c010r110f110r010t010.jpg' media=''>\n<img title=\"blog_norwegen_20160908_105442\" alt=\"blog_norwegen_20160908_105442\" width=\"192\" height=\"128\" style=\"max-width:192px;max-height:128px\" srcset=\"http:\/\/blog.tido.world\/norwegen\/wp-uploads\/nggallery\/15\/nor-031-heimfahrt\/cache\/blog_norwegen_20160908_105442.jpg-nggid03389-ngg0dyn-192x0-00f0w010c010r110f110r010t010.jpg\"\/>\n<\/picture>                <\/a>\n            <\/div>\n                                    <div class='ngg-pro-masonry-item' style='height: 288px; max-width: 192px;'>\n                <a href=\"http:\/\/blog.tido.world\/norwegen\/wp-uploads\/nggallery\/15\/nor-031-heimfahrt\/blog_norwegen_20160908_084821.jpg\"\n                   title=\"\"\n                   data-src=\"http:\/\/blog.tido.world\/norwegen\/wp-uploads\/nggallery\/15\/nor-031-heimfahrt\/blog_norwegen_20160908_084821.jpg\"\n                   data-thumbnail=\"http:\/\/blog.tido.world\/norwegen\/wp-uploads\/nggallery\/15\/nor-031-heimfahrt\/cache\/blog_norwegen_20160908_084821.jpg-nggid03388-ngg0dyn-192x0-00f0w010c010r110f110r010t010.jpg\"\n                   data-image-id=\"388\"\n                   data-title=\"blog_norwegen_20160908_084821\"\n                   data-description=\"\"\n                   data-ngg-captions-nostylecopy=\"1\"\n                   class='nextgen_pro_lightbox' data-nplmodal-gallery-id='b42444b1517bfa44320aa95c98749680'>\n\t                <picture>\n\t\n<source srcset='http:\/\/blog.tido.world\/norwegen\/wp-uploads\/nggallery\/15\/nor-031-heimfahrt\/cache\/blog_norwegen_20160908_084821.jpg-nggid03388-ngg0dyn-192x0-00f0w010c010r110f110r010t010.jpg' media=''>\n<img title=\"blog_norwegen_20160908_084821\" alt=\"blog_norwegen_20160908_084821\" width=\"192\" height=\"288\" style=\"max-width:192px;max-height:288px\" srcset=\"http:\/\/blog.tido.world\/norwegen\/wp-uploads\/nggallery\/15\/nor-031-heimfahrt\/cache\/blog_norwegen_20160908_084821.jpg-nggid03388-ngg0dyn-192x0-00f0w010c010r110f110r010t010.jpg\"\/>\n<\/picture>                <\/a>\n            <\/div>\n                                    <div class='ngg-pro-masonry-item' style='height: 128px; max-width: 192px;'>\n                <a href=\"http:\/\/blog.tido.world\/norwegen\/wp-uploads\/nggallery\/15\/nor-031-heimfahrt\/blog_norwegen_20160908_155509.jpg\"\n                   title=\"\"\n                   data-src=\"http:\/\/blog.tido.world\/norwegen\/wp-uploads\/nggallery\/15\/nor-031-heimfahrt\/blog_norwegen_20160908_155509.jpg\"\n                   data-thumbnail=\"http:\/\/blog.tido.world\/norwegen\/wp-uploads\/nggallery\/15\/nor-031-heimfahrt\/cache\/blog_norwegen_20160908_155509.jpg-nggid03390-ngg0dyn-192x0-00f0w010c010r110f110r010t010.jpg\"\n                   data-image-id=\"390\"\n                   data-title=\"blog_norwegen_20160908_155509\"\n                   data-description=\"\"\n                   data-ngg-captions-nostylecopy=\"1\"\n                   class='nextgen_pro_lightbox' data-nplmodal-gallery-id='b42444b1517bfa44320aa95c98749680'>\n\t                <picture>\n\t\n<source srcset='http:\/\/blog.tido.world\/norwegen\/wp-uploads\/nggallery\/15\/nor-031-heimfahrt\/cache\/blog_norwegen_20160908_155509.jpg-nggid03390-ngg0dyn-192x0-00f0w010c010r110f110r010t010.jpg' media=''>\n<img title=\"blog_norwegen_20160908_155509\" alt=\"blog_norwegen_20160908_155509\" width=\"192\" height=\"128\" style=\"max-width:192px;max-height:128px\" srcset=\"http:\/\/blog.tido.world\/norwegen\/wp-uploads\/nggallery\/15\/nor-031-heimfahrt\/cache\/blog_norwegen_20160908_155509.jpg-nggid03390-ngg0dyn-192x0-00f0w010c010r110f110r010t010.jpg\"\/>\n<\/picture>                <\/a>\n            <\/div>\n                            <\/div><div class=\"nextgen_pro_blog_gallery\" id=\"displayed_gallery_332d86057c87d7dbd5dec70a84416fa4\">\n            <div id=\"ngg-image-displayed_gallery_332d86057c87d7dbd5dec70a84416fa4-0\" class=\"image-wrapper\" style=\"width: 800px\">\n                                    <a href=\"http:\/\/blog.tido.world\/norwegen\/wp-uploads\/nggallery\/15\/nor-031-heimfahrt\/blog_norwegen_20160908_160113.jpg\"\n               title=\"\"\n               data-src=\"http:\/\/blog.tido.world\/norwegen\/wp-uploads\/nggallery\/15\/nor-031-heimfahrt\/blog_norwegen_20160908_160113.jpg\"\n               data-thumbnail=\"http:\/\/blog.tido.world\/norwegen\/wp-uploads\/nggallery\/15\/nor-031-heimfahrt\/thumbs\/thumbs_blog_norwegen_20160908_160113.jpg\"\n               data-image-id=\"391\"\n               data-title=\"blog_norwegen_20160908_160113\"\n               data-description=\"\"\n               class='nextgen_pro_lightbox' data-nplmodal-gallery-id='332d86057c87d7dbd5dec70a84416fa4'>\n                <picture>\n\t\n<source srcset='http:\/\/blog.tido.world\/norwegen\/wp-uploads\/nggallery\/15\/nor-031-heimfahrt\/blog_norwegen_20160908_160113.jpg' media=''>\n<img width=\"800\" title=\"blog_norwegen_20160908_160113\" alt=\"blog_norwegen_20160908_160113\" style=\"max-width:800px;max-height:px\" srcset=\"http:\/\/blog.tido.world\/norwegen\/wp-uploads\/nggallery\/15\/nor-031-heimfahrt\/blog_norwegen_20160908_160113.jpg\"\/>\n<\/picture>            <\/a>\n                                <\/div>\n        <div class=\"ngg-clear\"><\/div>\n        <\/div>\n<\/p>\n<p>In Schweden selbst war seit langem mal wieder Autobahn angesagt. Unweigerlich damit verbunden blieb uns auch der ein oder andere Stau nicht erspart. Selten aber haben wir soooo bequem gesessen und auf die Weiterfahrt gewartet. Sogar einen Kaffee konnte Doreen sich problemlos kochen.<br \/>\nNach Einbruch der Dunkelheit beendeten wir den Tag mit Fernfahrerathmosph\u00e4re auf einem Rastplatz unweit von <a href=\"https:\/\/de.wikipedia.org\/wiki\/Helsingborg\" target=\"_blank\">Helsingborg <i class=\"fa fa-external-link\"><\/i><\/a>.<\/p>\n<p id=\"post-subtitle\">Noch einmal F\u00e4hre<\/p>\n<p><i class=\"fa fa-quote-left fa-2x fa-pull-left\"><\/i>Fr\u00fchzeitig, jedoch noch nach allen LKW-Fahrern, mit denen wir den Rastplatz teilten, machten wir uns auf die finalen Etappen in Richtung Heimat.<br \/>\nKurz nach Sonnenaufgang passierten wir die <a href=\"https:\/\/de.wikipedia.org\/wiki\/%C3%96resundbr%C3%BCcke\" target=\"_blank\">\u00d6resundbr\u00fccke <i class=\"fa fa-external-link\"><\/i><\/a>. Es war noch sehr diesig, sodass man nur wenig sehen konnte, generell aber m\u00fcssen wir sagen, dass sie weit weniger spektakul\u00e4r war, als wir uns es erhofft hatten. Naja, wie sagen einfach mal: &#8222;Abgehakt!&#8220;.<br \/>\nIm Berufsverkehr ging es dann durch Kopenhagen, was jedoch dank der vern\u00fcnftigen und entspannten D\u00e4nen ruhig, problemlos und ohne Staus von statten ging. Dar wir das etwas problematischer eingesch\u00e4tzt hatten, erreichten wir den F\u00e4hranleger von Gedser viiiiel viel eher, als geplant. Gern h\u00e4tten wir von hier eine F\u00e4hre eher nach Rostock \u00fcbergesetzt, als von uns gebucht, aber leider schien da f\u00fcr uns kein Platz mehr gewesen zu sein. Nun gut, wir warteten also nun etwas mehr as 2 Stunden auf unser Schiff, dass mit Versp\u00e4tung beladen wurde.<br \/>\nBei hervorragendendem Wetter verbrachten wir die \u00dcberfahrt gr\u00f6\u00dftenteils an Deck und hatten so Pl\u00e4tze in der ersten Reihe bei der sch\u00f6nen Einfahrt in den Rostocker Hafen.<\/p>\n<style type='text\/css'>\n    #ngg-gallery-0f23645fdfc39fe286d4f05790011749 .ngg-pro-masonry-item {\n        margin-bottom: 12px;\n    }\n<\/style>\n<div class=\"ngg-pro-masonry\" id=\"ngg-gallery-0f23645fdfc39fe286d4f05790011749\">\n    <div class='ngg-pro-masonry-gutter' style='width: 12px'><\/div>\n    <div class='ngg-pro-masonry-sizer' style='width: 294px'><\/div>\n                <div class='ngg-pro-masonry-item' style='height: 196px; max-width: 294px;'>\n                <a href=\"http:\/\/blog.tido.world\/norwegen\/wp-uploads\/nggallery\/15\/nor-031-heimfahrt\/blog_norwegen_20160909_140632.jpg\"\n                   title=\"\"\n                   data-src=\"http:\/\/blog.tido.world\/norwegen\/wp-uploads\/nggallery\/15\/nor-031-heimfahrt\/blog_norwegen_20160909_140632.jpg\"\n                   data-thumbnail=\"http:\/\/blog.tido.world\/norwegen\/wp-uploads\/nggallery\/15\/nor-031-heimfahrt\/cache\/blog_norwegen_20160909_140632.jpg-nggid03392-ngg0dyn-294x0-00f0w010c010r110f110r010t010.jpg\"\n                   data-image-id=\"392\"\n                   data-title=\"blog_norwegen_20160909_140632\"\n                   data-description=\"\"\n                   data-ngg-captions-nostylecopy=\"1\"\n                   class='nextgen_pro_lightbox' data-nplmodal-gallery-id='0f23645fdfc39fe286d4f05790011749'>\n\t                <picture>\n\t\n<source srcset='http:\/\/blog.tido.world\/norwegen\/wp-uploads\/nggallery\/15\/nor-031-heimfahrt\/cache\/blog_norwegen_20160909_140632.jpg-nggid03392-ngg0dyn-294x0-00f0w010c010r110f110r010t010.jpg' media=''>\n<img title=\"blog_norwegen_20160909_140632\" alt=\"blog_norwegen_20160909_140632\" width=\"294\" height=\"196\" style=\"max-width:294px;max-height:196px\" srcset=\"http:\/\/blog.tido.world\/norwegen\/wp-uploads\/nggallery\/15\/nor-031-heimfahrt\/cache\/blog_norwegen_20160909_140632.jpg-nggid03392-ngg0dyn-294x0-00f0w010c010r110f110r010t010.jpg\"\/>\n<\/picture>                <\/a>\n            <\/div>\n                                    <div class='ngg-pro-masonry-item' style='height: 147px; max-width: 294px;'>\n                <a href=\"http:\/\/blog.tido.world\/norwegen\/wp-uploads\/nggallery\/15\/nor-031-heimfahrt\/blog_norwegen_20160909_141833.jpg\"\n                   title=\"\"\n                   data-src=\"http:\/\/blog.tido.world\/norwegen\/wp-uploads\/nggallery\/15\/nor-031-heimfahrt\/blog_norwegen_20160909_141833.jpg\"\n                   data-thumbnail=\"http:\/\/blog.tido.world\/norwegen\/wp-uploads\/nggallery\/15\/nor-031-heimfahrt\/cache\/blog_norwegen_20160909_141833.jpg-nggid03393-ngg0dyn-294x0-00f0w010c010r110f110r010t010.jpg\"\n                   data-image-id=\"393\"\n                   data-title=\"blog_norwegen_20160909_141833\"\n                   data-description=\"\"\n                   data-ngg-captions-nostylecopy=\"1\"\n                   class='nextgen_pro_lightbox' data-nplmodal-gallery-id='0f23645fdfc39fe286d4f05790011749'>\n\t                <picture>\n\t\n<source srcset='http:\/\/blog.tido.world\/norwegen\/wp-uploads\/nggallery\/15\/nor-031-heimfahrt\/cache\/blog_norwegen_20160909_141833.jpg-nggid03393-ngg0dyn-294x0-00f0w010c010r110f110r010t010.jpg' media=''>\n<img title=\"blog_norwegen_20160909_141833\" alt=\"blog_norwegen_20160909_141833\" width=\"294\" height=\"147\" style=\"max-width:294px;max-height:147px\" srcset=\"http:\/\/blog.tido.world\/norwegen\/wp-uploads\/nggallery\/15\/nor-031-heimfahrt\/cache\/blog_norwegen_20160909_141833.jpg-nggid03393-ngg0dyn-294x0-00f0w010c010r110f110r010t010.jpg\"\/>\n<\/picture>                <\/a>\n            <\/div>\n                            <\/div>\n<p>Ab jetzt lagen nun, wie schon zu Urlaubsantritt, ein paar Kilometer auf den deutschen Autobahnen vor uns. Ein oder zwei Phasen z\u00e4hfl\u00fcssiger Verkehr, sonst lief alles sehr gut. Nach drei wirklich tollen Wochen erreichten wir an diesem Freitagabend wieder Dresden.<\/p>\n<p>Nach dem wir uns in <a href=\"http:\/\/blog.tido.world\/kuba\/\" target=\"_blank\">Kuba <i class=\"fa fa-external-link\"><\/i><\/a> zeitweise etwas schwer taten, haben wir die Zeit in Norwegen zu jederzeit genossen, ob an sonnigen, oder eben verregneten Tagen. Dazu merkten wir ein weiteres Mal, dass es absolut unser Ding ist, mit einem mobilen Heim in beeindruckenden Landschaften unterwegs zu sein.<\/p>\n<div class=\"nextgen_pro_blog_gallery\" id=\"displayed_gallery_0d1656e7e49dd580edf840a22e48298e\">\n            <div id=\"ngg-image-displayed_gallery_0d1656e7e49dd580edf840a22e48298e-0\" class=\"image-wrapper\" style=\"width: 800px\">\n                                    <a href=\"http:\/\/blog.tido.world\/norwegen\/wp-uploads\/nggallery\/15\/nor-031-heimfahrt\/blog_norwegen_20160911_090206.jpg\"\n               title=\"\"\n               data-src=\"http:\/\/blog.tido.world\/norwegen\/wp-uploads\/nggallery\/15\/nor-031-heimfahrt\/blog_norwegen_20160911_090206.jpg\"\n               data-thumbnail=\"http:\/\/blog.tido.world\/norwegen\/wp-uploads\/nggallery\/15\/nor-031-heimfahrt\/thumbs\/thumbs_blog_norwegen_20160911_090206.jpg\"\n               data-image-id=\"394\"\n               data-title=\"blog_norwegen_20160911_090206\"\n               data-description=\"\"\n               class='nextgen_pro_lightbox' data-nplmodal-gallery-id='0d1656e7e49dd580edf840a22e48298e'>\n                <picture>\n\t\n<source srcset='http:\/\/blog.tido.world\/norwegen\/wp-uploads\/nggallery\/15\/nor-031-heimfahrt\/blog_norwegen_20160911_090206.jpg' media=''>\n<img width=\"800\" title=\"blog_norwegen_20160911_090206\" alt=\"blog_norwegen_20160911_090206\" style=\"max-width:800px;max-height:px\" srcset=\"http:\/\/blog.tido.world\/norwegen\/wp-uploads\/nggallery\/15\/nor-031-heimfahrt\/blog_norwegen_20160911_090206.jpg\"\/>\n<\/picture>            <\/a>\n                                <\/div>\n        <div class=\"ngg-clear\"><\/div>\n        <\/div>\n\n","protected":false},"excerpt":{"rendered":"<p>Strahlender Abschied Bereits am fr\u00fchen Morgen zeigte sich Norwegen wettertechnisch von seiner besten Seite. Waren wir noch vor knapp drei Wochen bei str\u00f6mendem Regen von der F\u00e4hre gefahren, legten wir heute die letzten Kilometer im Land bei strahlender Sonne und wolkenlosen Himmel zur\u00fcck. Zun\u00e4chst war Schweden unser grobes Ziel. Da wir erst f\u00fcr morgen die [&hellip;]<\/p>\n","protected":false},"author":1,"featured_media":0,"comment_status":"open","ping_status":"open","sticky":false,"template":"","format":"standard","meta":{"ngg_post_thumbnail":0,"footnotes":""},"categories":[1],"tags":[],"class_list":["post-1291","post","type-post","status-publish","format-standard","hentry","category-allgemein"],"_links":{"self":[{"href":"http:\/\/blog.tido.world\/norwegen\/wp-json\/wp\/v2\/posts\/1291","targetHints":{"allow":["GET"]}}],"collection":[{"href":"http:\/\/blog.tido.world\/norwegen\/wp-json\/wp\/v2\/posts"}],"about":[{"href":"http:\/\/blog.tido.world\/norwegen\/wp-json\/wp\/v2\/types\/post"}],"author":[{"embeddable":true,"href":"http:\/\/blog.tido.world\/norwegen\/wp-json\/wp\/v2\/users\/1"}],"replies":[{"embeddable":true,"href":"http:\/\/blog.tido.world\/norwegen\/wp-json\/wp\/v2\/comments?post=1291"}],"version-history":[{"count":0,"href":"http:\/\/blog.tido.world\/norwegen\/wp-json\/wp\/v2\/posts\/1291\/revisions"}],"wp:attachment":[{"href":"http:\/\/blog.tido.world\/norwegen\/wp-json\/wp\/v2\/media?parent=1291"}],"wp:term":[{"taxonomy":"category","embeddable":true,"href":"http:\/\/blog.tido.world\/norwegen\/wp-json\/wp\/v2\/categories?post=1291"},{"taxonomy":"post_tag","embeddable":true,"href":"http:\/\/blog.tido.world\/norwegen\/wp-json\/wp\/v2\/tags?post=1291"}],"curies":[{"name":"wp","href":"https:\/\/api.w.org\/{rel}","templated":true}]}}