{"id":275,"date":"2016-08-23T20:16:04","date_gmt":"2016-08-23T18:16:04","guid":{"rendered":"http:\/\/blog.tido.world\/norwegen\/?p=275"},"modified":"2016-09-20T23:44:54","modified_gmt":"2016-09-20T21:44:54","slug":"cruisen-und-ausruhen","status":"publish","type":"post","link":"http:\/\/blog.tido.world\/norwegen\/cruisen-und-ausruhen\/","title":{"rendered":"Cruisen und Ausruhen"},"content":{"rendered":"<p id=\"post-subtitle\">Rundum Fjorde<\/p>\n<p><i class=\"fa fa-quote-left fa-2x fa-pull-left\"><\/i>Grobes Ziel heute war Tyssedal, welches aber nicht so ganz um die Ecke lag. Nicht zu sp\u00e4t, aber ohne Hektik begannen wir den Tag und genauso nahmen wir auch die Strecke in Angriff. Wir folgtem dem Wasser auf der linken Seite, setzten mit einer F\u00e4hre \u00fcber, folgtem weiter dem Wasser, nun auf der rechten Seite. Immerwieder Tunnel an deren Ende weitere Seen oder Fjorde warteten. Ab und zu \u00fcberfuhren wir auch einen Pass und immer da, wo viele Autos parkten, war h\u00f6chstwahrscheinlich ein Wassefall zu sehen.<br \/>\nDie Stra\u00dfen waren teilweise einspurig, was die Begegnungen mit 40-Tonnern immer irgendwie, sagen wir mal interessant gestaltete. Dennoch machte das Fahren viel Spa\u00df und wir waren froh, in eher kompaktem Blech unterwegs zu sein, anstatt mit einem der wirklich vielen Kunststoffwohnk\u00e4sten.<\/p>\n<p><div class=\"nextgen_pro_blog_gallery\" id=\"displayed_gallery_1a1589010bb6d5a677c9a6ab6f5feeb0\">\n            <div id=\"ngg-image-displayed_gallery_1a1589010bb6d5a677c9a6ab6f5feeb0-0\" class=\"image-wrapper\" style=\"width: 800px\">\n                                    <a href=\"http:\/\/blog.tido.world\/norwegen\/wp-uploads\/nggallery\/15\/nor-007-nach-tyssedal\/blog_norwegen_20160823_073611.jpg\"\n               title=\"\"\n               data-src=\"http:\/\/blog.tido.world\/norwegen\/wp-uploads\/nggallery\/15\/nor-007-nach-tyssedal\/blog_norwegen_20160823_073611.jpg\"\n               data-thumbnail=\"http:\/\/blog.tido.world\/norwegen\/wp-uploads\/nggallery\/15\/nor-007-nach-tyssedal\/thumbs\/thumbs_blog_norwegen_20160823_073611.jpg\"\n               data-image-id=\"77\"\n               data-title=\"blog_norwegen_20160823_073611\"\n               data-description=\"\"\n               class='nextgen_pro_lightbox' data-nplmodal-gallery-id='1a1589010bb6d5a677c9a6ab6f5feeb0'>\n                <picture>\n\t\n<source srcset='http:\/\/blog.tido.world\/norwegen\/wp-uploads\/nggallery\/15\/nor-007-nach-tyssedal\/blog_norwegen_20160823_073611.jpg' media=''>\n<img width=\"800\" title=\"blog_norwegen_20160823_073611\" alt=\"blog_norwegen_20160823_073611\" style=\"max-width:800px;max-height:px\" srcset=\"http:\/\/blog.tido.world\/norwegen\/wp-uploads\/nggallery\/15\/nor-007-nach-tyssedal\/blog_norwegen_20160823_073611.jpg\"\/>\n<\/picture>            <\/a>\n                                <\/div>\n        <div class=\"ngg-clear\"><\/div>\n        <\/div>\n<style type='text\/css'>\n    #ngg-gallery-74b6958d8cca30acfef2c0bf0d6823cd .ngg-pro-masonry-item {\n        margin-bottom: 12px;\n    }\n<\/style>\n<div class=\"ngg-pro-masonry\" id=\"ngg-gallery-74b6958d8cca30acfef2c0bf0d6823cd\">\n    <div class='ngg-pro-masonry-gutter' style='width: 12px'><\/div>\n    <div class='ngg-pro-masonry-sizer' style='width: 141px'><\/div>\n                <div class='ngg-pro-masonry-item' style='height: 94px; max-width: 141px;'>\n                <a href=\"http:\/\/blog.tido.world\/norwegen\/wp-uploads\/nggallery\/15\/nor-007-nach-tyssedal\/blog_norwegen_20160823_072603.jpg\"\n                   title=\"\"\n                   data-src=\"http:\/\/blog.tido.world\/norwegen\/wp-uploads\/nggallery\/15\/nor-007-nach-tyssedal\/blog_norwegen_20160823_072603.jpg\"\n                   data-thumbnail=\"http:\/\/blog.tido.world\/norwegen\/wp-uploads\/nggallery\/15\/nor-007-nach-tyssedal\/cache\/blog_norwegen_20160823_072603.jpg-nggid0275-ngg0dyn-141x0-00f0w010c010r110f110r010t010.jpg\"\n                   data-image-id=\"75\"\n                   data-title=\"blog_norwegen_20160823_072603\"\n                   data-description=\"\"\n                   data-ngg-captions-nostylecopy=\"1\"\n                   class='nextgen_pro_lightbox' data-nplmodal-gallery-id='74b6958d8cca30acfef2c0bf0d6823cd'>\n\t                <picture>\n\t\n<source srcset='http:\/\/blog.tido.world\/norwegen\/wp-uploads\/nggallery\/15\/nor-007-nach-tyssedal\/cache\/blog_norwegen_20160823_072603.jpg-nggid0275-ngg0dyn-141x0-00f0w010c010r110f110r010t010.jpg' media=''>\n<img title=\"blog_norwegen_20160823_072603\" alt=\"blog_norwegen_20160823_072603\" width=\"141\" height=\"94\" style=\"max-width:141px;max-height:94px\" srcset=\"http:\/\/blog.tido.world\/norwegen\/wp-uploads\/nggallery\/15\/nor-007-nach-tyssedal\/cache\/blog_norwegen_20160823_072603.jpg-nggid0275-ngg0dyn-141x0-00f0w010c010r110f110r010t010.jpg\"\/>\n<\/picture>                <\/a>\n            <\/div>\n                                    <div class='ngg-pro-masonry-item' style='height: 212px; max-width: 141px;'>\n                <a href=\"http:\/\/blog.tido.world\/norwegen\/wp-uploads\/nggallery\/15\/nor-007-nach-tyssedal\/blog_norwegen_20160823_073723.jpg\"\n                   title=\"\"\n                   data-src=\"http:\/\/blog.tido.world\/norwegen\/wp-uploads\/nggallery\/15\/nor-007-nach-tyssedal\/blog_norwegen_20160823_073723.jpg\"\n                   data-thumbnail=\"http:\/\/blog.tido.world\/norwegen\/wp-uploads\/nggallery\/15\/nor-007-nach-tyssedal\/cache\/blog_norwegen_20160823_073723.jpg-nggid0278-ngg0dyn-141x0-00f0w010c010r110f110r010t010.jpg\"\n                   data-image-id=\"78\"\n                   data-title=\"blog_norwegen_20160823_073723\"\n                   data-description=\"\"\n                   data-ngg-captions-nostylecopy=\"1\"\n                   class='nextgen_pro_lightbox' data-nplmodal-gallery-id='74b6958d8cca30acfef2c0bf0d6823cd'>\n\t                <picture>\n\t\n<source srcset='http:\/\/blog.tido.world\/norwegen\/wp-uploads\/nggallery\/15\/nor-007-nach-tyssedal\/cache\/blog_norwegen_20160823_073723.jpg-nggid0278-ngg0dyn-141x0-00f0w010c010r110f110r010t010.jpg' media=''>\n<img title=\"blog_norwegen_20160823_073723\" alt=\"blog_norwegen_20160823_073723\" width=\"141\" height=\"212\" style=\"max-width:141px;max-height:212px\" srcset=\"http:\/\/blog.tido.world\/norwegen\/wp-uploads\/nggallery\/15\/nor-007-nach-tyssedal\/cache\/blog_norwegen_20160823_073723.jpg-nggid0278-ngg0dyn-141x0-00f0w010c010r110f110r010t010.jpg\"\/>\n<\/picture>                <\/a>\n            <\/div>\n                                    <div class='ngg-pro-masonry-item' style='height: 94px; max-width: 141px;'>\n                <a href=\"http:\/\/blog.tido.world\/norwegen\/wp-uploads\/nggallery\/15\/nor-007-nach-tyssedal\/blog_norwegen_20160823_073446.jpg\"\n                   title=\"\"\n                   data-src=\"http:\/\/blog.tido.world\/norwegen\/wp-uploads\/nggallery\/15\/nor-007-nach-tyssedal\/blog_norwegen_20160823_073446.jpg\"\n                   data-thumbnail=\"http:\/\/blog.tido.world\/norwegen\/wp-uploads\/nggallery\/15\/nor-007-nach-tyssedal\/cache\/blog_norwegen_20160823_073446.jpg-nggid0276-ngg0dyn-141x0-00f0w010c010r110f110r010t010.jpg\"\n                   data-image-id=\"76\"\n                   data-title=\"blog_norwegen_20160823_073446\"\n                   data-description=\"\"\n                   data-ngg-captions-nostylecopy=\"1\"\n                   class='nextgen_pro_lightbox' data-nplmodal-gallery-id='74b6958d8cca30acfef2c0bf0d6823cd'>\n\t                <picture>\n\t\n<source srcset='http:\/\/blog.tido.world\/norwegen\/wp-uploads\/nggallery\/15\/nor-007-nach-tyssedal\/cache\/blog_norwegen_20160823_073446.jpg-nggid0276-ngg0dyn-141x0-00f0w010c010r110f110r010t010.jpg' media=''>\n<img title=\"blog_norwegen_20160823_073446\" alt=\"blog_norwegen_20160823_073446\" width=\"141\" height=\"94\" style=\"max-width:141px;max-height:94px\" srcset=\"http:\/\/blog.tido.world\/norwegen\/wp-uploads\/nggallery\/15\/nor-007-nach-tyssedal\/cache\/blog_norwegen_20160823_073446.jpg-nggid0276-ngg0dyn-141x0-00f0w010c010r110f110r010t010.jpg\"\/>\n<\/picture>                <\/a>\n            <\/div>\n                                    <div class='ngg-pro-masonry-item' style='height: 94px; max-width: 141px;'>\n                <a href=\"http:\/\/blog.tido.world\/norwegen\/wp-uploads\/nggallery\/15\/nor-007-nach-tyssedal\/blog_norwegen_20160823_073838.jpg\"\n                   title=\"\"\n                   data-src=\"http:\/\/blog.tido.world\/norwegen\/wp-uploads\/nggallery\/15\/nor-007-nach-tyssedal\/blog_norwegen_20160823_073838.jpg\"\n                   data-thumbnail=\"http:\/\/blog.tido.world\/norwegen\/wp-uploads\/nggallery\/15\/nor-007-nach-tyssedal\/cache\/blog_norwegen_20160823_073838.jpg-nggid0279-ngg0dyn-141x0-00f0w010c010r110f110r010t010.jpg\"\n                   data-image-id=\"79\"\n                   data-title=\"blog_norwegen_20160823_073838\"\n                   data-description=\"\"\n                   data-ngg-captions-nostylecopy=\"1\"\n                   class='nextgen_pro_lightbox' data-nplmodal-gallery-id='74b6958d8cca30acfef2c0bf0d6823cd'>\n\t                <picture>\n\t\n<source srcset='http:\/\/blog.tido.world\/norwegen\/wp-uploads\/nggallery\/15\/nor-007-nach-tyssedal\/cache\/blog_norwegen_20160823_073838.jpg-nggid0279-ngg0dyn-141x0-00f0w010c010r110f110r010t010.jpg' media=''>\n<img title=\"blog_norwegen_20160823_073838\" alt=\"blog_norwegen_20160823_073838\" width=\"141\" height=\"94\" style=\"max-width:141px;max-height:94px\" srcset=\"http:\/\/blog.tido.world\/norwegen\/wp-uploads\/nggallery\/15\/nor-007-nach-tyssedal\/cache\/blog_norwegen_20160823_073838.jpg-nggid0279-ngg0dyn-141x0-00f0w010c010r110f110r010t010.jpg\"\/>\n<\/picture>                <\/a>\n            <\/div>\n                                    <div class='ngg-pro-masonry-item' style='height: 212px; max-width: 141px;'>\n                <a href=\"http:\/\/blog.tido.world\/norwegen\/wp-uploads\/nggallery\/15\/nor-007-nach-tyssedal\/blog_norwegen_20160823_082640.jpg\"\n                   title=\"\"\n                   data-src=\"http:\/\/blog.tido.world\/norwegen\/wp-uploads\/nggallery\/15\/nor-007-nach-tyssedal\/blog_norwegen_20160823_082640.jpg\"\n                   data-thumbnail=\"http:\/\/blog.tido.world\/norwegen\/wp-uploads\/nggallery\/15\/nor-007-nach-tyssedal\/cache\/blog_norwegen_20160823_082640.jpg-nggid0282-ngg0dyn-141x0-00f0w010c010r110f110r010t010.jpg\"\n                   data-image-id=\"82\"\n                   data-title=\"blog_norwegen_20160823_082640\"\n                   data-description=\"\"\n                   data-ngg-captions-nostylecopy=\"1\"\n                   class='nextgen_pro_lightbox' data-nplmodal-gallery-id='74b6958d8cca30acfef2c0bf0d6823cd'>\n\t                <picture>\n\t\n<source srcset='http:\/\/blog.tido.world\/norwegen\/wp-uploads\/nggallery\/15\/nor-007-nach-tyssedal\/cache\/blog_norwegen_20160823_082640.jpg-nggid0282-ngg0dyn-141x0-00f0w010c010r110f110r010t010.jpg' media=''>\n<img title=\"blog_norwegen_20160823_082640\" alt=\"blog_norwegen_20160823_082640\" width=\"141\" height=\"212\" style=\"max-width:141px;max-height:212px\" srcset=\"http:\/\/blog.tido.world\/norwegen\/wp-uploads\/nggallery\/15\/nor-007-nach-tyssedal\/cache\/blog_norwegen_20160823_082640.jpg-nggid0282-ngg0dyn-141x0-00f0w010c010r110f110r010t010.jpg\"\/>\n<\/picture>                <\/a>\n            <\/div>\n                                    <div class='ngg-pro-masonry-item' style='height: 94px; max-width: 141px;'>\n                <a href=\"http:\/\/blog.tido.world\/norwegen\/wp-uploads\/nggallery\/15\/nor-007-nach-tyssedal\/blog_norwegen_20160823_080209.jpg\"\n                   title=\"\"\n                   data-src=\"http:\/\/blog.tido.world\/norwegen\/wp-uploads\/nggallery\/15\/nor-007-nach-tyssedal\/blog_norwegen_20160823_080209.jpg\"\n                   data-thumbnail=\"http:\/\/blog.tido.world\/norwegen\/wp-uploads\/nggallery\/15\/nor-007-nach-tyssedal\/cache\/blog_norwegen_20160823_080209.jpg-nggid0280-ngg0dyn-141x0-00f0w010c010r110f110r010t010.jpg\"\n                   data-image-id=\"80\"\n                   data-title=\"blog_norwegen_20160823_080209\"\n                   data-description=\"\"\n                   data-ngg-captions-nostylecopy=\"1\"\n                   class='nextgen_pro_lightbox' data-nplmodal-gallery-id='74b6958d8cca30acfef2c0bf0d6823cd'>\n\t                <picture>\n\t\n<source srcset='http:\/\/blog.tido.world\/norwegen\/wp-uploads\/nggallery\/15\/nor-007-nach-tyssedal\/cache\/blog_norwegen_20160823_080209.jpg-nggid0280-ngg0dyn-141x0-00f0w010c010r110f110r010t010.jpg' media=''>\n<img title=\"blog_norwegen_20160823_080209\" alt=\"blog_norwegen_20160823_080209\" width=\"141\" height=\"94\" style=\"max-width:141px;max-height:94px\" srcset=\"http:\/\/blog.tido.world\/norwegen\/wp-uploads\/nggallery\/15\/nor-007-nach-tyssedal\/cache\/blog_norwegen_20160823_080209.jpg-nggid0280-ngg0dyn-141x0-00f0w010c010r110f110r010t010.jpg\"\/>\n<\/picture>                <\/a>\n            <\/div>\n                                    <div class='ngg-pro-masonry-item' style='height: 212px; max-width: 141px;'>\n                <a href=\"http:\/\/blog.tido.world\/norwegen\/wp-uploads\/nggallery\/15\/nor-007-nach-tyssedal\/blog_norwegen_20160823_103429.jpg\"\n                   title=\"\"\n                   data-src=\"http:\/\/blog.tido.world\/norwegen\/wp-uploads\/nggallery\/15\/nor-007-nach-tyssedal\/blog_norwegen_20160823_103429.jpg\"\n                   data-thumbnail=\"http:\/\/blog.tido.world\/norwegen\/wp-uploads\/nggallery\/15\/nor-007-nach-tyssedal\/cache\/blog_norwegen_20160823_103429.jpg-nggid0283-ngg0dyn-141x0-00f0w010c010r110f110r010t010.jpg\"\n                   data-image-id=\"83\"\n                   data-title=\"blog_norwegen_20160823_103429\"\n                   data-description=\"\"\n                   data-ngg-captions-nostylecopy=\"1\"\n                   class='nextgen_pro_lightbox' data-nplmodal-gallery-id='74b6958d8cca30acfef2c0bf0d6823cd'>\n\t                <picture>\n\t\n<source srcset='http:\/\/blog.tido.world\/norwegen\/wp-uploads\/nggallery\/15\/nor-007-nach-tyssedal\/cache\/blog_norwegen_20160823_103429.jpg-nggid0283-ngg0dyn-141x0-00f0w010c010r110f110r010t010.jpg' media=''>\n<img title=\"blog_norwegen_20160823_103429\" alt=\"blog_norwegen_20160823_103429\" width=\"141\" height=\"212\" style=\"max-width:141px;max-height:212px\" srcset=\"http:\/\/blog.tido.world\/norwegen\/wp-uploads\/nggallery\/15\/nor-007-nach-tyssedal\/cache\/blog_norwegen_20160823_103429.jpg-nggid0283-ngg0dyn-141x0-00f0w010c010r110f110r010t010.jpg\"\/>\n<\/picture>                <\/a>\n            <\/div>\n                                    <div class='ngg-pro-masonry-item' style='height: 94px; max-width: 141px;'>\n                <a href=\"http:\/\/blog.tido.world\/norwegen\/wp-uploads\/nggallery\/15\/nor-007-nach-tyssedal\/blog_norwegen_20160823_104905.jpg\"\n                   title=\"\"\n                   data-src=\"http:\/\/blog.tido.world\/norwegen\/wp-uploads\/nggallery\/15\/nor-007-nach-tyssedal\/blog_norwegen_20160823_104905.jpg\"\n                   data-thumbnail=\"http:\/\/blog.tido.world\/norwegen\/wp-uploads\/nggallery\/15\/nor-007-nach-tyssedal\/cache\/blog_norwegen_20160823_104905.jpg-nggid0284-ngg0dyn-141x0-00f0w010c010r110f110r010t010.jpg\"\n                   data-image-id=\"84\"\n                   data-title=\"blog_norwegen_20160823_104905\"\n                   data-description=\"\"\n                   data-ngg-captions-nostylecopy=\"1\"\n                   class='nextgen_pro_lightbox' data-nplmodal-gallery-id='74b6958d8cca30acfef2c0bf0d6823cd'>\n\t                <picture>\n\t\n<source srcset='http:\/\/blog.tido.world\/norwegen\/wp-uploads\/nggallery\/15\/nor-007-nach-tyssedal\/cache\/blog_norwegen_20160823_104905.jpg-nggid0284-ngg0dyn-141x0-00f0w010c010r110f110r010t010.jpg' media=''>\n<img title=\"blog_norwegen_20160823_104905\" alt=\"blog_norwegen_20160823_104905\" width=\"141\" height=\"94\" style=\"max-width:141px;max-height:94px\" srcset=\"http:\/\/blog.tido.world\/norwegen\/wp-uploads\/nggallery\/15\/nor-007-nach-tyssedal\/cache\/blog_norwegen_20160823_104905.jpg-nggid0284-ngg0dyn-141x0-00f0w010c010r110f110r010t010.jpg\"\/>\n<\/picture>                <\/a>\n            <\/div>\n                                    <div class='ngg-pro-masonry-item' style='height: 94px; max-width: 141px;'>\n                <a href=\"http:\/\/blog.tido.world\/norwegen\/wp-uploads\/nggallery\/15\/nor-007-nach-tyssedal\/blog_norwegen_20160823_105023.jpg\"\n                   title=\"\"\n                   data-src=\"http:\/\/blog.tido.world\/norwegen\/wp-uploads\/nggallery\/15\/nor-007-nach-tyssedal\/blog_norwegen_20160823_105023.jpg\"\n                   data-thumbnail=\"http:\/\/blog.tido.world\/norwegen\/wp-uploads\/nggallery\/15\/nor-007-nach-tyssedal\/cache\/blog_norwegen_20160823_105023.jpg-nggid0285-ngg0dyn-141x0-00f0w010c010r110f110r010t010.jpg\"\n                   data-image-id=\"85\"\n                   data-title=\"blog_norwegen_20160823_105023\"\n                   data-description=\"\"\n                   data-ngg-captions-nostylecopy=\"1\"\n                   class='nextgen_pro_lightbox' data-nplmodal-gallery-id='74b6958d8cca30acfef2c0bf0d6823cd'>\n\t                <picture>\n\t\n<source srcset='http:\/\/blog.tido.world\/norwegen\/wp-uploads\/nggallery\/15\/nor-007-nach-tyssedal\/cache\/blog_norwegen_20160823_105023.jpg-nggid0285-ngg0dyn-141x0-00f0w010c010r110f110r010t010.jpg' media=''>\n<img title=\"blog_norwegen_20160823_105023\" alt=\"blog_norwegen_20160823_105023\" width=\"141\" height=\"94\" style=\"max-width:141px;max-height:94px\" srcset=\"http:\/\/blog.tido.world\/norwegen\/wp-uploads\/nggallery\/15\/nor-007-nach-tyssedal\/cache\/blog_norwegen_20160823_105023.jpg-nggid0285-ngg0dyn-141x0-00f0w010c010r110f110r010t010.jpg\"\/>\n<\/picture>                <\/a>\n            <\/div>\n                            <\/div><div class=\"nextgen_pro_blog_gallery\" id=\"displayed_gallery_9aec5bbe43f329e8708c38086f92ed50\">\n            <div id=\"ngg-image-displayed_gallery_9aec5bbe43f329e8708c38086f92ed50-0\" class=\"image-wrapper\" style=\"width: 800px\">\n                                    <a href=\"http:\/\/blog.tido.world\/norwegen\/wp-uploads\/nggallery\/15\/nor-007-nach-tyssedal\/blog_norwegen_20160823_080521.jpg\"\n               title=\"\"\n               data-src=\"http:\/\/blog.tido.world\/norwegen\/wp-uploads\/nggallery\/15\/nor-007-nach-tyssedal\/blog_norwegen_20160823_080521.jpg\"\n               data-thumbnail=\"http:\/\/blog.tido.world\/norwegen\/wp-uploads\/nggallery\/15\/nor-007-nach-tyssedal\/thumbs\/thumbs_blog_norwegen_20160823_080521.jpg\"\n               data-image-id=\"81\"\n               data-title=\"blog_norwegen_20160823_080521\"\n               data-description=\"\"\n               class='nextgen_pro_lightbox' data-nplmodal-gallery-id='9aec5bbe43f329e8708c38086f92ed50'>\n                <picture>\n\t\n<source srcset='http:\/\/blog.tido.world\/norwegen\/wp-uploads\/nggallery\/15\/nor-007-nach-tyssedal\/blog_norwegen_20160823_080521.jpg' media=''>\n<img width=\"800\" title=\"blog_norwegen_20160823_080521\" alt=\"blog_norwegen_20160823_080521\" style=\"max-width:800px;max-height:px\" srcset=\"http:\/\/blog.tido.world\/norwegen\/wp-uploads\/nggallery\/15\/nor-007-nach-tyssedal\/blog_norwegen_20160823_080521.jpg\"\/>\n<\/picture>            <\/a>\n                                <\/div>\n        <div class=\"ngg-clear\"><\/div>\n        <\/div>\n<\/p>\n<p id=\"post-subtitle\">Zwangsentspannung<\/p>\n<p><i class=\"fa fa-quote-left fa-2x fa-pull-left\"><\/i><\/p>\n<p>Wir kamen gut voran und erreichten Tyssedal kurz vor dem Mittag. Schon unterwegs diskutierten wir dar\u00fcber, dass aktuell wirklich gute Wetter gleich zu nutzen und schon heute eine weitere steinige Sehensw\u00fcrdigkeit zu bewandern. Ab morgen sollte wieder starke Bew\u00f6lkung aufziehen, also warum warten!? Wir steuerten also direkt den Ringedalsdammen an, wo der Weg beginnt. Allerdings wurden wir schon vorher von einer netten Parkplatzw\u00e4rterin abgefangen, die zusammengefasst meinte, dass wir heute nicht mehr loslaufen sollten, da die Strecke hin und zur\u00fcck etwa 10 Stunden ben\u00f6tige und es darum auf dem R\u00fcckweg schon dunkel werden w\u00fcrde. Nun, dass der Trip soo lange dauern w\u00fcrde, war in dem Moment irgendwie an uns vorbeigegangen, aber da gab es nun mal nix zu widersprechen. Wir hofften also auf halbwegs brauchbares Wetter f\u00fcr morgen, beschlossen, das gute Wetter f\u00fcr einen entspannenden Nachmittag zu nutzen und machten uns auf die Suche nach einem ruhigen und gem\u00fctlichen Pl\u00e4tzchen.<br \/>\nBei einem kleinen Abstecher in ein Seitental, auf dem Parkplatz am Ende der Stra\u00dfe, fiel mir im Augenwinkel dann kurz ein Fahrzeug auf, das gleiche Modell, wie wir gerade fahren. Damit aber nicht genug, denn es hatte, bis auf die allerletzte Ziffer, das identische Nummernschild. Kurz etwas verdutzt war schnell klar, dass dies ein weiteres Fahrzeug von <a href=\"http:\/\/www.campventure-reisemobile.de\/\" target=\"_blank\">CampVenture <i class=\"fa fa-external-link\"><\/i><\/a> war. Zuf\u00e4lle gibts, wahnsinn!<br \/>\nLetztendlich fanden wir direkt am S\u00f8rfjord einen kleinen Rastplatz ohne die \u00fcbliche Stra\u00dfe im R\u00fccken und da dessen Zufahrt etwas kompliziert zu finden war, waren und blieben wir dort auch v\u00f6llig f\u00fcr uns.<\/p>\n<p><style type='text\/css'>\n    #ngg-gallery-48ed7e1621118f196249a21c918b50b6 .ngg-pro-masonry-item {\n        margin-bottom: 12px;\n    }\n<\/style>\n<div class=\"ngg-pro-masonry\" id=\"ngg-gallery-48ed7e1621118f196249a21c918b50b6\">\n    <div class='ngg-pro-masonry-gutter' style='width: 12px'><\/div>\n    <div class='ngg-pro-masonry-sizer' style='width: 192px'><\/div>\n                <div class='ngg-pro-masonry-item' style='height: 128px; max-width: 192px;'>\n                <a href=\"http:\/\/blog.tido.world\/norwegen\/wp-uploads\/nggallery\/15\/nor-008-am-sorfjord\/blog_norwegen_20160823_115208.jpg\"\n                   title=\"\"\n                   data-src=\"http:\/\/blog.tido.world\/norwegen\/wp-uploads\/nggallery\/15\/nor-008-am-sorfjord\/blog_norwegen_20160823_115208.jpg\"\n                   data-thumbnail=\"http:\/\/blog.tido.world\/norwegen\/wp-uploads\/nggallery\/15\/nor-008-am-sorfjord\/cache\/blog_norwegen_20160823_115208.jpg-nggid0286-ngg0dyn-192x0-00f0w010c010r110f110r010t010.jpg\"\n                   data-image-id=\"86\"\n                   data-title=\"blog_norwegen_20160823_115208\"\n                   data-description=\"\"\n                   data-ngg-captions-nostylecopy=\"1\"\n                   class='nextgen_pro_lightbox' data-nplmodal-gallery-id='48ed7e1621118f196249a21c918b50b6'>\n\t                <picture>\n\t\n<source srcset='http:\/\/blog.tido.world\/norwegen\/wp-uploads\/nggallery\/15\/nor-008-am-sorfjord\/cache\/blog_norwegen_20160823_115208.jpg-nggid0286-ngg0dyn-192x0-00f0w010c010r110f110r010t010.jpg' media=''>\n<img title=\"blog_norwegen_20160823_115208\" alt=\"blog_norwegen_20160823_115208\" width=\"192\" height=\"128\" style=\"max-width:192px;max-height:128px\" srcset=\"http:\/\/blog.tido.world\/norwegen\/wp-uploads\/nggallery\/15\/nor-008-am-sorfjord\/cache\/blog_norwegen_20160823_115208.jpg-nggid0286-ngg0dyn-192x0-00f0w010c010r110f110r010t010.jpg\"\/>\n<\/picture>                <\/a>\n            <\/div>\n                                    <div class='ngg-pro-masonry-item' style='height: 128px; max-width: 192px;'>\n                <a href=\"http:\/\/blog.tido.world\/norwegen\/wp-uploads\/nggallery\/15\/nor-008-am-sorfjord\/blog_norwegen_20160823_144813.jpg\"\n                   title=\"\"\n                   data-src=\"http:\/\/blog.tido.world\/norwegen\/wp-uploads\/nggallery\/15\/nor-008-am-sorfjord\/blog_norwegen_20160823_144813.jpg\"\n                   data-thumbnail=\"http:\/\/blog.tido.world\/norwegen\/wp-uploads\/nggallery\/15\/nor-008-am-sorfjord\/cache\/blog_norwegen_20160823_144813.jpg-nggid0287-ngg0dyn-192x0-00f0w010c010r110f110r010t010.jpg\"\n                   data-image-id=\"87\"\n                   data-title=\"blog_norwegen_20160823_144813\"\n                   data-description=\"\"\n                   data-ngg-captions-nostylecopy=\"1\"\n                   class='nextgen_pro_lightbox' data-nplmodal-gallery-id='48ed7e1621118f196249a21c918b50b6'>\n\t                <picture>\n\t\n<source srcset='http:\/\/blog.tido.world\/norwegen\/wp-uploads\/nggallery\/15\/nor-008-am-sorfjord\/cache\/blog_norwegen_20160823_144813.jpg-nggid0287-ngg0dyn-192x0-00f0w010c010r110f110r010t010.jpg' media=''>\n<img title=\"blog_norwegen_20160823_144813\" alt=\"blog_norwegen_20160823_144813\" width=\"192\" height=\"128\" style=\"max-width:192px;max-height:128px\" srcset=\"http:\/\/blog.tido.world\/norwegen\/wp-uploads\/nggallery\/15\/nor-008-am-sorfjord\/cache\/blog_norwegen_20160823_144813.jpg-nggid0287-ngg0dyn-192x0-00f0w010c010r110f110r010t010.jpg\"\/>\n<\/picture>                <\/a>\n            <\/div>\n                                    <div class='ngg-pro-masonry-item' style='height: 128px; max-width: 192px;'>\n                <a href=\"http:\/\/blog.tido.world\/norwegen\/wp-uploads\/nggallery\/15\/nor-008-am-sorfjord\/blog_norwegen_20160823_145224.jpg\"\n                   title=\"\"\n                   data-src=\"http:\/\/blog.tido.world\/norwegen\/wp-uploads\/nggallery\/15\/nor-008-am-sorfjord\/blog_norwegen_20160823_145224.jpg\"\n                   data-thumbnail=\"http:\/\/blog.tido.world\/norwegen\/wp-uploads\/nggallery\/15\/nor-008-am-sorfjord\/cache\/blog_norwegen_20160823_145224.jpg-nggid0288-ngg0dyn-192x0-00f0w010c010r110f110r010t010.jpg\"\n                   data-image-id=\"88\"\n                   data-title=\"blog_norwegen_20160823_145224\"\n                   data-description=\"\"\n                   data-ngg-captions-nostylecopy=\"1\"\n                   class='nextgen_pro_lightbox' data-nplmodal-gallery-id='48ed7e1621118f196249a21c918b50b6'>\n\t                <picture>\n\t\n<source srcset='http:\/\/blog.tido.world\/norwegen\/wp-uploads\/nggallery\/15\/nor-008-am-sorfjord\/cache\/blog_norwegen_20160823_145224.jpg-nggid0288-ngg0dyn-192x0-00f0w010c010r110f110r010t010.jpg' media=''>\n<img title=\"blog_norwegen_20160823_145224\" alt=\"blog_norwegen_20160823_145224\" width=\"192\" height=\"128\" style=\"max-width:192px;max-height:128px\" srcset=\"http:\/\/blog.tido.world\/norwegen\/wp-uploads\/nggallery\/15\/nor-008-am-sorfjord\/cache\/blog_norwegen_20160823_145224.jpg-nggid0288-ngg0dyn-192x0-00f0w010c010r110f110r010t010.jpg\"\/>\n<\/picture>                <\/a>\n            <\/div>\n                            <\/div><div class=\"nextgen_pro_blog_gallery\" id=\"displayed_gallery_664da66b02bbab87e8ad5950000a4d10\">\n            <div id=\"ngg-image-displayed_gallery_664da66b02bbab87e8ad5950000a4d10-0\" class=\"image-wrapper\" style=\"width: 800px\">\n                                    <a href=\"http:\/\/blog.tido.world\/norwegen\/wp-uploads\/nggallery\/15\/nor-008-am-sorfjord\/blog_norwegen_20160823_182447.jpg\"\n               title=\"\"\n               data-src=\"http:\/\/blog.tido.world\/norwegen\/wp-uploads\/nggallery\/15\/nor-008-am-sorfjord\/blog_norwegen_20160823_182447.jpg\"\n               data-thumbnail=\"http:\/\/blog.tido.world\/norwegen\/wp-uploads\/nggallery\/15\/nor-008-am-sorfjord\/thumbs\/thumbs_blog_norwegen_20160823_182447.jpg\"\n               data-image-id=\"89\"\n               data-title=\"blog_norwegen_20160823_182447\"\n               data-description=\"\"\n               class='nextgen_pro_lightbox' data-nplmodal-gallery-id='664da66b02bbab87e8ad5950000a4d10'>\n                <picture>\n\t\n<source srcset='http:\/\/blog.tido.world\/norwegen\/wp-uploads\/nggallery\/15\/nor-008-am-sorfjord\/blog_norwegen_20160823_182447.jpg' media=''>\n<img width=\"800\" title=\"blog_norwegen_20160823_182447\" alt=\"blog_norwegen_20160823_182447\" style=\"max-width:800px;max-height:px\" srcset=\"http:\/\/blog.tido.world\/norwegen\/wp-uploads\/nggallery\/15\/nor-008-am-sorfjord\/blog_norwegen_20160823_182447.jpg\"\/>\n<\/picture>            <\/a>\n                                <\/div>\n        <div class=\"ngg-clear\"><\/div>\n        <\/div>\n<\/p>\n","protected":false},"excerpt":{"rendered":"<p>Rundum Fjorde Grobes Ziel heute war Tyssedal, welches aber nicht so ganz um die Ecke lag. Nicht zu sp\u00e4t, aber ohne Hektik begannen wir den Tag und genauso nahmen wir auch die Strecke in Angriff. Wir folgtem dem Wasser auf der linken Seite, setzten mit einer F\u00e4hre \u00fcber, folgtem weiter dem Wasser, nun auf der [&hellip;]<\/p>\n","protected":false},"author":1,"featured_media":0,"comment_status":"open","ping_status":"open","sticky":false,"template":"","format":"standard","meta":{"ngg_post_thumbnail":0,"footnotes":""},"categories":[1],"tags":[],"class_list":["post-275","post","type-post","status-publish","format-standard","hentry","category-allgemein"],"_links":{"self":[{"href":"http:\/\/blog.tido.world\/norwegen\/wp-json\/wp\/v2\/posts\/275","targetHints":{"allow":["GET"]}}],"collection":[{"href":"http:\/\/blog.tido.world\/norwegen\/wp-json\/wp\/v2\/posts"}],"about":[{"href":"http:\/\/blog.tido.world\/norwegen\/wp-json\/wp\/v2\/types\/post"}],"author":[{"embeddable":true,"href":"http:\/\/blog.tido.world\/norwegen\/wp-json\/wp\/v2\/users\/1"}],"replies":[{"embeddable":true,"href":"http:\/\/blog.tido.world\/norwegen\/wp-json\/wp\/v2\/comments?post=275"}],"version-history":[{"count":0,"href":"http:\/\/blog.tido.world\/norwegen\/wp-json\/wp\/v2\/posts\/275\/revisions"}],"wp:attachment":[{"href":"http:\/\/blog.tido.world\/norwegen\/wp-json\/wp\/v2\/media?parent=275"}],"wp:term":[{"taxonomy":"category","embeddable":true,"href":"http:\/\/blog.tido.world\/norwegen\/wp-json\/wp\/v2\/categories?post=275"},{"taxonomy":"post_tag","embeddable":true,"href":"http:\/\/blog.tido.world\/norwegen\/wp-json\/wp\/v2\/tags?post=275"}],"curies":[{"name":"wp","href":"https:\/\/api.w.org\/{rel}","templated":true}]}}