{"id":377,"date":"2016-08-25T22:49:08","date_gmt":"2016-08-25T20:49:08","guid":{"rendered":"http:\/\/blog.tido.world\/norwegen\/?p=377"},"modified":"2016-09-29T13:19:00","modified_gmt":"2016-09-29T11:19:00","slug":"pfuetzen-ohne-regen","status":"publish","type":"post","link":"http:\/\/blog.tido.world\/norwegen\/pfuetzen-ohne-regen\/","title":{"rendered":"Pf\u00fctzen ohne Regen"},"content":{"rendered":"<p id=\"post-subtitle\">Saubere Sache<\/p>\n<p><i class=\"fa fa-quote-left fa-2x fa-pull-left\"><\/i>Zum Gl\u00fcck nicht zu fr\u00fch von den Belgiern beim Abbauen ihrer Zelte geweckt, lie\u00dfen wir es heute sehr ruhig angehen. Die Klamotten waren inzwischen halbwegs trocken geworden, wir selbst aber hatten trotz der \u00fcber einst\u00fcndigen Regendusche gestern durchaus den Wunsch nach einer weiteren, richtigen Dusche. Nach dem Fr\u00fchst\u00fcck fuhren wir los und hielten also die Augen nach Campingpl\u00e4tzen offen.<br \/>\nEs dauerte nicht allzu lange bis wir einen wirklich gem\u00fctlichen kleinen Campingplatz gefunden hatten. Da es keine Rezeption gab, fragten wir einfach eine der beiden Gastparteien, eine deutsche Familie, wo man hier bzgl. Duschen fragen k\u00f6nne. Der Papa meinte, hier k\u00e4me nur abends jemand rum und w\u00fcrde f\u00fcr die jeweilige Nacht kassieren, aber die Duschen w\u00e4ren mit M\u00fcnzautomaten. Einfach 10NOK einwerfen, umgerechnet 1,10EUR, und auf gehts. Das war ja einfach, allerdings hatten wir keine M\u00fcnzen. Wir fragten ihn, ob er wechseln k\u00f6nne, aber f\u00fcr unsere gro\u00dfen Scheine hatte er nicht genug. Er schenkte uns die M\u00fcnze und w\u00fcnschte uns viel Spa\u00df. Tolle Sache!<br \/>\nBevor wir weiterfuhren, liefen wir noch eine Runde \u00fcber den Platz, der wirklich sehr idyllisch lag.<\/p>\n<p><div class=\"nextgen_pro_blog_gallery\" id=\"displayed_gallery_82422cea8eba09e3d3ea637d1dcb3746\">\n            <div id=\"ngg-image-displayed_gallery_82422cea8eba09e3d3ea637d1dcb3746-0\" class=\"image-wrapper\" style=\"width: 800px\">\n                                    <a href=\"http:\/\/blog.tido.world\/norwegen\/wp-uploads\/nggallery\/15\/nor-009-nach-eidfjord\/blog_norwegen_20160825_105333.jpg\"\n               title=\"\"\n               data-src=\"http:\/\/blog.tido.world\/norwegen\/wp-uploads\/nggallery\/15\/nor-009-nach-eidfjord\/blog_norwegen_20160825_105333.jpg\"\n               data-thumbnail=\"http:\/\/blog.tido.world\/norwegen\/wp-uploads\/nggallery\/15\/nor-009-nach-eidfjord\/thumbs\/thumbs_blog_norwegen_20160825_105333.jpg\"\n               data-image-id=\"106\"\n               data-title=\"blog_norwegen_20160825_105333\"\n               data-description=\"\"\n               class='nextgen_pro_lightbox' data-nplmodal-gallery-id='82422cea8eba09e3d3ea637d1dcb3746'>\n                <picture>\n\t\n<source srcset='http:\/\/blog.tido.world\/norwegen\/wp-uploads\/nggallery\/15\/nor-009-nach-eidfjord\/blog_norwegen_20160825_105333.jpg' media=''>\n<img width=\"800\" title=\"blog_norwegen_20160825_105333\" alt=\"blog_norwegen_20160825_105333\" style=\"max-width:800px;max-height:px\" srcset=\"http:\/\/blog.tido.world\/norwegen\/wp-uploads\/nggallery\/15\/nor-009-nach-eidfjord\/blog_norwegen_20160825_105333.jpg\"\/>\n<\/picture>            <\/a>\n                                <\/div>\n        <div class=\"ngg-clear\"><\/div>\n        <\/div>\n<style type='text\/css'>\n    #ngg-gallery-4ea9e294ebfdd000e3ced9b3c209cc79 .ngg-pro-masonry-item {\n        margin-bottom: 12px;\n    }\n<\/style>\n<div class=\"ngg-pro-masonry\" id=\"ngg-gallery-4ea9e294ebfdd000e3ced9b3c209cc79\">\n    <div class='ngg-pro-masonry-gutter' style='width: 12px'><\/div>\n    <div class='ngg-pro-masonry-sizer' style='width: 192px'><\/div>\n                <div class='ngg-pro-masonry-item' style='height: 288px; max-width: 192px;'>\n                <a href=\"http:\/\/blog.tido.world\/norwegen\/wp-uploads\/nggallery\/15\/nor-009-nach-eidfjord\/blog_norwegen_20160825_111701.jpg\"\n                   title=\"\"\n                   data-src=\"http:\/\/blog.tido.world\/norwegen\/wp-uploads\/nggallery\/15\/nor-009-nach-eidfjord\/blog_norwegen_20160825_111701.jpg\"\n                   data-thumbnail=\"http:\/\/blog.tido.world\/norwegen\/wp-uploads\/nggallery\/15\/nor-009-nach-eidfjord\/cache\/blog_norwegen_20160825_111701.jpg-nggid03108-ngg0dyn-192x0-00f0w010c010r110f110r010t010.jpg\"\n                   data-image-id=\"108\"\n                   data-title=\"blog_norwegen_20160825_111701\"\n                   data-description=\"\"\n                   data-ngg-captions-nostylecopy=\"1\"\n                   class='nextgen_pro_lightbox' data-nplmodal-gallery-id='4ea9e294ebfdd000e3ced9b3c209cc79'>\n\t                <picture>\n\t\n<source srcset='http:\/\/blog.tido.world\/norwegen\/wp-uploads\/nggallery\/15\/nor-009-nach-eidfjord\/cache\/blog_norwegen_20160825_111701.jpg-nggid03108-ngg0dyn-192x0-00f0w010c010r110f110r010t010.jpg' media=''>\n<img title=\"blog_norwegen_20160825_111701\" alt=\"blog_norwegen_20160825_111701\" width=\"192\" height=\"288\" style=\"max-width:192px;max-height:288px\" srcset=\"http:\/\/blog.tido.world\/norwegen\/wp-uploads\/nggallery\/15\/nor-009-nach-eidfjord\/cache\/blog_norwegen_20160825_111701.jpg-nggid03108-ngg0dyn-192x0-00f0w010c010r110f110r010t010.jpg\"\/>\n<\/picture>                <\/a>\n            <\/div>\n                                    <div class='ngg-pro-masonry-item' style='height: 128px; max-width: 192px;'>\n                <a href=\"http:\/\/blog.tido.world\/norwegen\/wp-uploads\/nggallery\/15\/nor-009-nach-eidfjord\/blog_norwegen_20160825_110533.jpg\"\n                   title=\"\"\n                   data-src=\"http:\/\/blog.tido.world\/norwegen\/wp-uploads\/nggallery\/15\/nor-009-nach-eidfjord\/blog_norwegen_20160825_110533.jpg\"\n                   data-thumbnail=\"http:\/\/blog.tido.world\/norwegen\/wp-uploads\/nggallery\/15\/nor-009-nach-eidfjord\/cache\/blog_norwegen_20160825_110533.jpg-nggid03107-ngg0dyn-192x0-00f0w010c010r110f110r010t010.jpg\"\n                   data-image-id=\"107\"\n                   data-title=\"blog_norwegen_20160825_110533\"\n                   data-description=\"\"\n                   data-ngg-captions-nostylecopy=\"1\"\n                   class='nextgen_pro_lightbox' data-nplmodal-gallery-id='4ea9e294ebfdd000e3ced9b3c209cc79'>\n\t                <picture>\n\t\n<source srcset='http:\/\/blog.tido.world\/norwegen\/wp-uploads\/nggallery\/15\/nor-009-nach-eidfjord\/cache\/blog_norwegen_20160825_110533.jpg-nggid03107-ngg0dyn-192x0-00f0w010c010r110f110r010t010.jpg' media=''>\n<img title=\"blog_norwegen_20160825_110533\" alt=\"blog_norwegen_20160825_110533\" width=\"192\" height=\"128\" style=\"max-width:192px;max-height:128px\" srcset=\"http:\/\/blog.tido.world\/norwegen\/wp-uploads\/nggallery\/15\/nor-009-nach-eidfjord\/cache\/blog_norwegen_20160825_110533.jpg-nggid03107-ngg0dyn-192x0-00f0w010c010r110f110r010t010.jpg\"\/>\n<\/picture>                <\/a>\n            <\/div>\n                                    <div class='ngg-pro-masonry-item' style='height: 288px; max-width: 192px;'>\n                <a href=\"http:\/\/blog.tido.world\/norwegen\/wp-uploads\/nggallery\/15\/nor-009-nach-eidfjord\/blog_norwegen_20160825_114534.jpg\"\n                   title=\"\"\n                   data-src=\"http:\/\/blog.tido.world\/norwegen\/wp-uploads\/nggallery\/15\/nor-009-nach-eidfjord\/blog_norwegen_20160825_114534.jpg\"\n                   data-thumbnail=\"http:\/\/blog.tido.world\/norwegen\/wp-uploads\/nggallery\/15\/nor-009-nach-eidfjord\/cache\/blog_norwegen_20160825_114534.jpg-nggid03110-ngg0dyn-192x0-00f0w010c010r110f110r010t010.jpg\"\n                   data-image-id=\"110\"\n                   data-title=\"blog_norwegen_20160825_114534\"\n                   data-description=\"\"\n                   data-ngg-captions-nostylecopy=\"1\"\n                   class='nextgen_pro_lightbox' data-nplmodal-gallery-id='4ea9e294ebfdd000e3ced9b3c209cc79'>\n\t                <picture>\n\t\n<source srcset='http:\/\/blog.tido.world\/norwegen\/wp-uploads\/nggallery\/15\/nor-009-nach-eidfjord\/cache\/blog_norwegen_20160825_114534.jpg-nggid03110-ngg0dyn-192x0-00f0w010c010r110f110r010t010.jpg' media=''>\n<img title=\"blog_norwegen_20160825_114534\" alt=\"blog_norwegen_20160825_114534\" width=\"192\" height=\"288\" style=\"max-width:192px;max-height:288px\" srcset=\"http:\/\/blog.tido.world\/norwegen\/wp-uploads\/nggallery\/15\/nor-009-nach-eidfjord\/cache\/blog_norwegen_20160825_114534.jpg-nggid03110-ngg0dyn-192x0-00f0w010c010r110f110r010t010.jpg\"\/>\n<\/picture>                <\/a>\n            <\/div>\n                                    <div class='ngg-pro-masonry-item' style='height: 96px; max-width: 192px;'>\n                <a href=\"http:\/\/blog.tido.world\/norwegen\/wp-uploads\/nggallery\/15\/nor-009-nach-eidfjord\/blog_norwegen_20160825_111908.jpg\"\n                   title=\"\"\n                   data-src=\"http:\/\/blog.tido.world\/norwegen\/wp-uploads\/nggallery\/15\/nor-009-nach-eidfjord\/blog_norwegen_20160825_111908.jpg\"\n                   data-thumbnail=\"http:\/\/blog.tido.world\/norwegen\/wp-uploads\/nggallery\/15\/nor-009-nach-eidfjord\/cache\/blog_norwegen_20160825_111908.jpg-nggid03109-ngg0dyn-192x0-00f0w010c010r110f110r010t010.jpg\"\n                   data-image-id=\"109\"\n                   data-title=\"blog_norwegen_20160825_111908\"\n                   data-description=\"\"\n                   data-ngg-captions-nostylecopy=\"1\"\n                   class='nextgen_pro_lightbox' data-nplmodal-gallery-id='4ea9e294ebfdd000e3ced9b3c209cc79'>\n\t                <picture>\n\t\n<source srcset='http:\/\/blog.tido.world\/norwegen\/wp-uploads\/nggallery\/15\/nor-009-nach-eidfjord\/cache\/blog_norwegen_20160825_111908.jpg-nggid03109-ngg0dyn-192x0-00f0w010c010r110f110r010t010.jpg' media=''>\n<img title=\"blog_norwegen_20160825_111908\" alt=\"blog_norwegen_20160825_111908\" width=\"192\" height=\"96\" style=\"max-width:192px;max-height:96px\" srcset=\"http:\/\/blog.tido.world\/norwegen\/wp-uploads\/nggallery\/15\/nor-009-nach-eidfjord\/cache\/blog_norwegen_20160825_111908.jpg-nggid03109-ngg0dyn-192x0-00f0w010c010r110f110r010t010.jpg\"\/>\n<\/picture>                <\/a>\n            <\/div>\n                                    <div class='ngg-pro-masonry-item' style='height: 96px; max-width: 192px;'>\n                <a href=\"http:\/\/blog.tido.world\/norwegen\/wp-uploads\/nggallery\/15\/nor-009-nach-eidfjord\/blog_norwegen_20160825_121252.jpg\"\n                   title=\"\"\n                   data-src=\"http:\/\/blog.tido.world\/norwegen\/wp-uploads\/nggallery\/15\/nor-009-nach-eidfjord\/blog_norwegen_20160825_121252.jpg\"\n                   data-thumbnail=\"http:\/\/blog.tido.world\/norwegen\/wp-uploads\/nggallery\/15\/nor-009-nach-eidfjord\/cache\/blog_norwegen_20160825_121252.jpg-nggid03105-ngg0dyn-192x0-00f0w010c010r110f110r010t010.jpg\"\n                   data-image-id=\"105\"\n                   data-title=\"blog_norwegen_20160825_121252\"\n                   data-description=\"\"\n                   data-ngg-captions-nostylecopy=\"1\"\n                   class='nextgen_pro_lightbox' data-nplmodal-gallery-id='4ea9e294ebfdd000e3ced9b3c209cc79'>\n\t                <picture>\n\t\n<source srcset='http:\/\/blog.tido.world\/norwegen\/wp-uploads\/nggallery\/15\/nor-009-nach-eidfjord\/cache\/blog_norwegen_20160825_121252.jpg-nggid03105-ngg0dyn-192x0-00f0w010c010r110f110r010t010.jpg' media=''>\n<img title=\"blog_norwegen_20160825_121252\" alt=\"blog_norwegen_20160825_121252\" width=\"192\" height=\"96\" style=\"max-width:192px;max-height:96px\" srcset=\"http:\/\/blog.tido.world\/norwegen\/wp-uploads\/nggallery\/15\/nor-009-nach-eidfjord\/cache\/blog_norwegen_20160825_121252.jpg-nggid03105-ngg0dyn-192x0-00f0w010c010r110f110r010t010.jpg\"\/>\n<\/picture>                <\/a>\n            <\/div>\n                            <\/div><\/p>\n<p id=\"post-subtitle\">Schmutzige Sache<\/p>\n<p><i class=\"fa fa-quote-left fa-2x fa-pull-left\"><\/i>Wir befanden uns auf dem Weg nach Eidfjord, in dessen N\u00e4he der <a href=\"https:\/\/de.wikipedia.org\/wiki\/V%C3%B8ringsfossen\" target=\"_blank\">V\u00f8ringfossen <i class=\"fa fa-external-link\"><\/i><\/a> Wasserfall liegt, den wir uns bei einem kleinen Spaziergang anschauen wollten. Nachdem Doreen und ich in einem Tunnelkreisverkehr falsch abgebogen waren, \u00fcberfuhren wir zu diesem Zeitpunkt ungewollt zweimal die <a href=\"https:\/\/de.wikipedia.org\/wiki\/Hardangerbr%C3%BCcke\" target=\"_blank\">Hardangerbrua <i class=\"fa fa-external-link\"><\/i><\/a>, was uns jeweils eine Maut von 15EUR kostete, die anhand des Nummernschilds automatisch abgebucht wurden. Naja, was solls.<br \/>\nIrgendwann erreichten wir unser heutiges Zwischenziel unweit des Wasserfalls und wollten beginnen, uns f\u00fcr den vergleichsweise kurzen Marsch zu preparieren, als ich im Augenwinkel auf der Beifahrerseite ganz leichten Qualm aufsteigen sah. Ich legte mich neben das Auto und sah, dass sich an einem Schutzpanel unter dem Motor Tr\u00f6pfchen gebildet hatten, die w\u00e4hrend des Fahrens an ein hei\u00dfes Teil der Abgasanlage gespritzt und verdampft wurden. Mit etwas Toilettenpapier pr\u00fcfte ich erstmal, was es f\u00fcr eine Fl\u00fcssigkeit war. Die schwarze Farbe und der Geruch deuteten auf Motor\u00f6l hin. Das war nat\u00fcrlich eine sch\u00f6ne Schei\u00dfe! Nach etwa 10min hatte sich dann sogar eine Pf\u00fctze mit etwa 20cm Durchmesser gebildet. Das Auto war noch sehr warm und darum war es in dem Moment wenig sinnvoll, den \u00d6lstand zu pr\u00fcfen. Das musste also warten.<\/p>\n<div class=\"nextgen_pro_blog_gallery\" id=\"displayed_gallery_4029a8ac6ae6012475f1fc243f66d425\">\n            <div id=\"ngg-image-displayed_gallery_4029a8ac6ae6012475f1fc243f66d425-0\" class=\"image-wrapper\" style=\"width: 800px\">\n                                    <a href=\"http:\/\/blog.tido.world\/norwegen\/wp-uploads\/nggallery\/15\/nor-010-voringsfossen\/blog_norwegen_20160825_140226.jpg\"\n               title=\"\"\n               data-src=\"http:\/\/blog.tido.world\/norwegen\/wp-uploads\/nggallery\/15\/nor-010-voringsfossen\/blog_norwegen_20160825_140226.jpg\"\n               data-thumbnail=\"http:\/\/blog.tido.world\/norwegen\/wp-uploads\/nggallery\/15\/nor-010-voringsfossen\/thumbs\/thumbs_blog_norwegen_20160825_140226.jpg\"\n               data-image-id=\"132\"\n               data-title=\"blog_norwegen_20160825_140226\"\n               data-description=\"\"\n               class='nextgen_pro_lightbox' data-nplmodal-gallery-id='4029a8ac6ae6012475f1fc243f66d425'>\n                <picture>\n\t\n<source srcset='http:\/\/blog.tido.world\/norwegen\/wp-uploads\/nggallery\/15\/nor-010-voringsfossen\/blog_norwegen_20160825_140226.jpg' media=''>\n<img width=\"800\" title=\"blog_norwegen_20160825_140226\" alt=\"blog_norwegen_20160825_140226\" style=\"max-width:800px;max-height:px\" srcset=\"http:\/\/blog.tido.world\/norwegen\/wp-uploads\/nggallery\/15\/nor-010-voringsfossen\/blog_norwegen_20160825_140226.jpg\"\/>\n<\/picture>            <\/a>\n                                <\/div>\n        <div class=\"ngg-clear\"><\/div>\n        <\/div>\n\n<p>Nun stand erst einmal ein Anruf bei der Vermietung an um das weitere Vorgehen zu kl\u00e4ren. Allerdings war der Empfang am Parkplatz sehr bescheiden, weshalb wir heute auch das Handy in die Tasche packten und in Richtung Wasserfall losgingen.<br \/>\nNach etwa 30min erreichten wir dann das Ende des Tals und hatten, zumindest hier unten, den sch\u00f6nen V\u00f8ringfossen ganz f\u00fcr uns.<\/p>\n<style type='text\/css'>\n    #ngg-gallery-90ca3e91ab8a8b3b41497b8d96fec6a8 .ngg-pro-masonry-item {\n        margin-bottom: 12px;\n    }\n<\/style>\n<div class=\"ngg-pro-masonry\" id=\"ngg-gallery-90ca3e91ab8a8b3b41497b8d96fec6a8\">\n    <div class='ngg-pro-masonry-gutter' style='width: 12px'><\/div>\n    <div class='ngg-pro-masonry-sizer' style='width: 294px'><\/div>\n                <div class='ngg-pro-masonry-item' style='height: 441px; max-width: 294px;'>\n                <a href=\"http:\/\/blog.tido.world\/norwegen\/wp-uploads\/nggallery\/15\/nor-010-voringsfossen\/blog_norwegen_20160825_135325.jpg\"\n                   title=\"\"\n                   data-src=\"http:\/\/blog.tido.world\/norwegen\/wp-uploads\/nggallery\/15\/nor-010-voringsfossen\/blog_norwegen_20160825_135325.jpg\"\n                   data-thumbnail=\"http:\/\/blog.tido.world\/norwegen\/wp-uploads\/nggallery\/15\/nor-010-voringsfossen\/cache\/blog_norwegen_20160825_135325.jpg-nggid03114-ngg0dyn-294x0-00f0w010c010r110f110r010t010.jpg\"\n                   data-image-id=\"114\"\n                   data-title=\"blog_norwegen_20160825_135325\"\n                   data-description=\"\"\n                   data-ngg-captions-nostylecopy=\"1\"\n                   class='nextgen_pro_lightbox' data-nplmodal-gallery-id='90ca3e91ab8a8b3b41497b8d96fec6a8'>\n\t                <picture>\n\t\n<source srcset='http:\/\/blog.tido.world\/norwegen\/wp-uploads\/nggallery\/15\/nor-010-voringsfossen\/cache\/blog_norwegen_20160825_135325.jpg-nggid03114-ngg0dyn-294x0-00f0w010c010r110f110r010t010.jpg' media=''>\n<img title=\"blog_norwegen_20160825_135325\" alt=\"blog_norwegen_20160825_135325\" width=\"294\" height=\"441\" style=\"max-width:294px;max-height:441px\" srcset=\"http:\/\/blog.tido.world\/norwegen\/wp-uploads\/nggallery\/15\/nor-010-voringsfossen\/cache\/blog_norwegen_20160825_135325.jpg-nggid03114-ngg0dyn-294x0-00f0w010c010r110f110r010t010.jpg\"\/>\n<\/picture>                <\/a>\n            <\/div>\n                                    <div class='ngg-pro-masonry-item' style='height: 196px; max-width: 294px;'>\n                <a href=\"http:\/\/blog.tido.world\/norwegen\/wp-uploads\/nggallery\/15\/nor-010-voringsfossen\/blog_norwegen_20160825_141335.jpg\"\n                   title=\"\"\n                   data-src=\"http:\/\/blog.tido.world\/norwegen\/wp-uploads\/nggallery\/15\/nor-010-voringsfossen\/blog_norwegen_20160825_141335.jpg\"\n                   data-thumbnail=\"http:\/\/blog.tido.world\/norwegen\/wp-uploads\/nggallery\/15\/nor-010-voringsfossen\/cache\/blog_norwegen_20160825_141335.jpg-nggid03112-ngg0dyn-294x0-00f0w010c010r110f110r010t010.jpg\"\n                   data-image-id=\"112\"\n                   data-title=\"blog_norwegen_20160825_141335\"\n                   data-description=\"\"\n                   data-ngg-captions-nostylecopy=\"1\"\n                   class='nextgen_pro_lightbox' data-nplmodal-gallery-id='90ca3e91ab8a8b3b41497b8d96fec6a8'>\n\t                <picture>\n\t\n<source srcset='http:\/\/blog.tido.world\/norwegen\/wp-uploads\/nggallery\/15\/nor-010-voringsfossen\/cache\/blog_norwegen_20160825_141335.jpg-nggid03112-ngg0dyn-294x0-00f0w010c010r110f110r010t010.jpg' media=''>\n<img title=\"blog_norwegen_20160825_141335\" alt=\"blog_norwegen_20160825_141335\" width=\"294\" height=\"196\" style=\"max-width:294px;max-height:196px\" srcset=\"http:\/\/blog.tido.world\/norwegen\/wp-uploads\/nggallery\/15\/nor-010-voringsfossen\/cache\/blog_norwegen_20160825_141335.jpg-nggid03112-ngg0dyn-294x0-00f0w010c010r110f110r010t010.jpg\"\/>\n<\/picture>                <\/a>\n            <\/div>\n                                    <div class='ngg-pro-masonry-item' style='height: 196px; max-width: 294px;'>\n                <a href=\"http:\/\/blog.tido.world\/norwegen\/wp-uploads\/nggallery\/15\/nor-010-voringsfossen\/blog_norwegen_20160825_140313.jpg\"\n                   title=\"\"\n                   data-src=\"http:\/\/blog.tido.world\/norwegen\/wp-uploads\/nggallery\/15\/nor-010-voringsfossen\/blog_norwegen_20160825_140313.jpg\"\n                   data-thumbnail=\"http:\/\/blog.tido.world\/norwegen\/wp-uploads\/nggallery\/15\/nor-010-voringsfossen\/cache\/blog_norwegen_20160825_140313.jpg-nggid03123-ngg0dyn-294x0-00f0w010c010r110f110r010t010.jpg\"\n                   data-image-id=\"123\"\n                   data-title=\"blog_norwegen_20160825_140313\"\n                   data-description=\"\"\n                   data-ngg-captions-nostylecopy=\"1\"\n                   class='nextgen_pro_lightbox' data-nplmodal-gallery-id='90ca3e91ab8a8b3b41497b8d96fec6a8'>\n\t                <picture>\n\t\n<source srcset='http:\/\/blog.tido.world\/norwegen\/wp-uploads\/nggallery\/15\/nor-010-voringsfossen\/cache\/blog_norwegen_20160825_140313.jpg-nggid03123-ngg0dyn-294x0-00f0w010c010r110f110r010t010.jpg' media=''>\n<img title=\"blog_norwegen_20160825_140313\" alt=\"blog_norwegen_20160825_140313\" width=\"294\" height=\"196\" style=\"max-width:294px;max-height:196px\" srcset=\"http:\/\/blog.tido.world\/norwegen\/wp-uploads\/nggallery\/15\/nor-010-voringsfossen\/cache\/blog_norwegen_20160825_140313.jpg-nggid03123-ngg0dyn-294x0-00f0w010c010r110f110r010t010.jpg\"\/>\n<\/picture>                <\/a>\n            <\/div>\n                            <\/div>\n<p>Auf dem R\u00fcckweg klappte es dann auch mit dem Telefonat. Das Auto hatte noch Herstellergarantie und so wurde uns verst\u00e4ndlicherweise nahegelegt, eine VW-Werkstatt aufzusuchen. Zur\u00fcck am Auto pr\u00fcfte ich erstmal den \u00d6lstand, wobei der \u00d6lmessstab beim pr\u00fcfen praktisch nichts anzeigte. Anschlie\u00dfend suchten wir uns eine g\u00fcnstig gelegene VW-Vertretung raus und machten uns auf den Weg. Da wir diese wohl aber erst morgen erreichen w\u00fcrden, besorgten wir noch eine Flasche \u00d6l und f\u00fcllten zur Sicherheit nach.<\/p>\n<p id=\"post-subtitle\">Bunter Abend<\/p>\n<p><i class=\"fa fa-quote-left fa-2x fa-pull-left\"><\/i>Auf dem Weg in Richtung Norden \u00fcberfuhren wir nun ein drittes Mal die Hardangerbrua. Schwupps, waren wieder 15EUR weg, diesmal allerdings beabsichtigt. Wir passierten viele gr\u00fcne T\u00e4ler und auch ein oder zwei saisonalbedingt leere Skigebiete, bevor wir uns entschlossen, am Rande des Vikafjell zu \u00fcbernachten.<\/p>\n<p><div class=\"nextgen_pro_blog_gallery\" id=\"displayed_gallery_62bc479439026782fd2cc992e0190a85\">\n            <div id=\"ngg-image-displayed_gallery_62bc479439026782fd2cc992e0190a85-0\" class=\"image-wrapper\" style=\"width: 800px\">\n                                    <a href=\"http:\/\/blog.tido.world\/norwegen\/wp-uploads\/nggallery\/15\/nor-011-nach-vikoyri\/blog_norwegen_20160825_173827.jpg\"\n               title=\"\"\n               data-src=\"http:\/\/blog.tido.world\/norwegen\/wp-uploads\/nggallery\/15\/nor-011-nach-vikoyri\/blog_norwegen_20160825_173827.jpg\"\n               data-thumbnail=\"http:\/\/blog.tido.world\/norwegen\/wp-uploads\/nggallery\/15\/nor-011-nach-vikoyri\/thumbs\/thumbs_blog_norwegen_20160825_173827.jpg\"\n               data-image-id=\"117\"\n               data-title=\"blog_norwegen_20160825_173827\"\n               data-description=\"\"\n               class='nextgen_pro_lightbox' data-nplmodal-gallery-id='62bc479439026782fd2cc992e0190a85'>\n                <picture>\n\t\n<source srcset='http:\/\/blog.tido.world\/norwegen\/wp-uploads\/nggallery\/15\/nor-011-nach-vikoyri\/blog_norwegen_20160825_173827.jpg' media=''>\n<img width=\"800\" title=\"blog_norwegen_20160825_173827\" alt=\"blog_norwegen_20160825_173827\" style=\"max-width:800px;max-height:px\" srcset=\"http:\/\/blog.tido.world\/norwegen\/wp-uploads\/nggallery\/15\/nor-011-nach-vikoyri\/blog_norwegen_20160825_173827.jpg\"\/>\n<\/picture>            <\/a>\n                                <\/div>\n        <div class=\"ngg-clear\"><\/div>\n        <\/div>\n<style type='text\/css'>\n    #ngg-gallery-9e6420d59c26e9731e04aa1b403b7553 .ngg-pro-masonry-item {\n        margin-bottom: 12px;\n    }\n<\/style>\n<div class=\"ngg-pro-masonry\" id=\"ngg-gallery-9e6420d59c26e9731e04aa1b403b7553\">\n    <div class='ngg-pro-masonry-gutter' style='width: 12px'><\/div>\n    <div class='ngg-pro-masonry-sizer' style='width: 141px'><\/div>\n                <div class='ngg-pro-masonry-item' style='height: 94px; max-width: 141px;'>\n                <a href=\"http:\/\/blog.tido.world\/norwegen\/wp-uploads\/nggallery\/15\/nor-011-nach-vikoyri\/blog_norwegen_20160825_172755.jpg\"\n                   title=\"\"\n                   data-src=\"http:\/\/blog.tido.world\/norwegen\/wp-uploads\/nggallery\/15\/nor-011-nach-vikoyri\/blog_norwegen_20160825_172755.jpg\"\n                   data-thumbnail=\"http:\/\/blog.tido.world\/norwegen\/wp-uploads\/nggallery\/15\/nor-011-nach-vikoyri\/cache\/blog_norwegen_20160825_172755.jpg-nggid03115-ngg0dyn-141x0-00f0w010c010r110f110r010t010.jpg\"\n                   data-image-id=\"115\"\n                   data-title=\"blog_norwegen_20160825_172755\"\n                   data-description=\"\"\n                   data-ngg-captions-nostylecopy=\"1\"\n                   class='nextgen_pro_lightbox' data-nplmodal-gallery-id='9e6420d59c26e9731e04aa1b403b7553'>\n\t                <picture>\n\t\n<source srcset='http:\/\/blog.tido.world\/norwegen\/wp-uploads\/nggallery\/15\/nor-011-nach-vikoyri\/cache\/blog_norwegen_20160825_172755.jpg-nggid03115-ngg0dyn-141x0-00f0w010c010r110f110r010t010.jpg' media=''>\n<img title=\"blog_norwegen_20160825_172755\" alt=\"blog_norwegen_20160825_172755\" width=\"141\" height=\"94\" style=\"max-width:141px;max-height:94px\" srcset=\"http:\/\/blog.tido.world\/norwegen\/wp-uploads\/nggallery\/15\/nor-011-nach-vikoyri\/cache\/blog_norwegen_20160825_172755.jpg-nggid03115-ngg0dyn-141x0-00f0w010c010r110f110r010t010.jpg\"\/>\n<\/picture>                <\/a>\n            <\/div>\n                                    <div class='ngg-pro-masonry-item' style='height: 94px; max-width: 141px;'>\n                <a href=\"http:\/\/blog.tido.world\/norwegen\/wp-uploads\/nggallery\/15\/nor-011-nach-vikoyri\/blog_norwegen_20160825_173255.jpg\"\n                   title=\"\"\n                   data-src=\"http:\/\/blog.tido.world\/norwegen\/wp-uploads\/nggallery\/15\/nor-011-nach-vikoyri\/blog_norwegen_20160825_173255.jpg\"\n                   data-thumbnail=\"http:\/\/blog.tido.world\/norwegen\/wp-uploads\/nggallery\/15\/nor-011-nach-vikoyri\/cache\/blog_norwegen_20160825_173255.jpg-nggid03116-ngg0dyn-141x0-00f0w010c010r110f110r010t010.jpg\"\n                   data-image-id=\"116\"\n                   data-title=\"blog_norwegen_20160825_173255\"\n                   data-description=\"\"\n                   data-ngg-captions-nostylecopy=\"1\"\n                   class='nextgen_pro_lightbox' data-nplmodal-gallery-id='9e6420d59c26e9731e04aa1b403b7553'>\n\t                <picture>\n\t\n<source srcset='http:\/\/blog.tido.world\/norwegen\/wp-uploads\/nggallery\/15\/nor-011-nach-vikoyri\/cache\/blog_norwegen_20160825_173255.jpg-nggid03116-ngg0dyn-141x0-00f0w010c010r110f110r010t010.jpg' media=''>\n<img title=\"blog_norwegen_20160825_173255\" alt=\"blog_norwegen_20160825_173255\" width=\"141\" height=\"94\" style=\"max-width:141px;max-height:94px\" srcset=\"http:\/\/blog.tido.world\/norwegen\/wp-uploads\/nggallery\/15\/nor-011-nach-vikoyri\/cache\/blog_norwegen_20160825_173255.jpg-nggid03116-ngg0dyn-141x0-00f0w010c010r110f110r010t010.jpg\"\/>\n<\/picture>                <\/a>\n            <\/div>\n                                    <div class='ngg-pro-masonry-item' style='height: 94px; max-width: 141px;'>\n                <a href=\"http:\/\/blog.tido.world\/norwegen\/wp-uploads\/nggallery\/15\/nor-011-nach-vikoyri\/blog_norwegen_20160825_175529.jpg\"\n                   title=\"\"\n                   data-src=\"http:\/\/blog.tido.world\/norwegen\/wp-uploads\/nggallery\/15\/nor-011-nach-vikoyri\/blog_norwegen_20160825_175529.jpg\"\n                   data-thumbnail=\"http:\/\/blog.tido.world\/norwegen\/wp-uploads\/nggallery\/15\/nor-011-nach-vikoyri\/cache\/blog_norwegen_20160825_175529.jpg-nggid03118-ngg0dyn-141x0-00f0w010c010r110f110r010t010.jpg\"\n                   data-image-id=\"118\"\n                   data-title=\"blog_norwegen_20160825_175529\"\n                   data-description=\"\"\n                   data-ngg-captions-nostylecopy=\"1\"\n                   class='nextgen_pro_lightbox' data-nplmodal-gallery-id='9e6420d59c26e9731e04aa1b403b7553'>\n\t                <picture>\n\t\n<source srcset='http:\/\/blog.tido.world\/norwegen\/wp-uploads\/nggallery\/15\/nor-011-nach-vikoyri\/cache\/blog_norwegen_20160825_175529.jpg-nggid03118-ngg0dyn-141x0-00f0w010c010r110f110r010t010.jpg' media=''>\n<img title=\"blog_norwegen_20160825_175529\" alt=\"blog_norwegen_20160825_175529\" width=\"141\" height=\"94\" style=\"max-width:141px;max-height:94px\" srcset=\"http:\/\/blog.tido.world\/norwegen\/wp-uploads\/nggallery\/15\/nor-011-nach-vikoyri\/cache\/blog_norwegen_20160825_175529.jpg-nggid03118-ngg0dyn-141x0-00f0w010c010r110f110r010t010.jpg\"\/>\n<\/picture>                <\/a>\n            <\/div>\n                                    <div class='ngg-pro-masonry-item' style='height: 94px; max-width: 141px;'>\n                <a href=\"http:\/\/blog.tido.world\/norwegen\/wp-uploads\/nggallery\/15\/nor-011-nach-vikoyri\/blog_norwegen_20160825_190947.jpg\"\n                   title=\"\"\n                   data-src=\"http:\/\/blog.tido.world\/norwegen\/wp-uploads\/nggallery\/15\/nor-011-nach-vikoyri\/blog_norwegen_20160825_190947.jpg\"\n                   data-thumbnail=\"http:\/\/blog.tido.world\/norwegen\/wp-uploads\/nggallery\/15\/nor-011-nach-vikoyri\/cache\/blog_norwegen_20160825_190947.jpg-nggid03121-ngg0dyn-141x0-00f0w010c010r110f110r010t010.jpg\"\n                   data-image-id=\"121\"\n                   data-title=\"blog_norwegen_20160825_190947\"\n                   data-description=\"\"\n                   data-ngg-captions-nostylecopy=\"1\"\n                   class='nextgen_pro_lightbox' data-nplmodal-gallery-id='9e6420d59c26e9731e04aa1b403b7553'>\n\t                <picture>\n\t\n<source srcset='http:\/\/blog.tido.world\/norwegen\/wp-uploads\/nggallery\/15\/nor-011-nach-vikoyri\/cache\/blog_norwegen_20160825_190947.jpg-nggid03121-ngg0dyn-141x0-00f0w010c010r110f110r010t010.jpg' media=''>\n<img title=\"blog_norwegen_20160825_190947\" alt=\"blog_norwegen_20160825_190947\" width=\"141\" height=\"94\" style=\"max-width:141px;max-height:94px\" srcset=\"http:\/\/blog.tido.world\/norwegen\/wp-uploads\/nggallery\/15\/nor-011-nach-vikoyri\/cache\/blog_norwegen_20160825_190947.jpg-nggid03121-ngg0dyn-141x0-00f0w010c010r110f110r010t010.jpg\"\/>\n<\/picture>                <\/a>\n            <\/div>\n                            <\/div><div class=\"ngg-galleria-parent \"\n     data-id=\"140d5d26545cd1143b5332210d0ab83b\"\n     id=\"displayed_gallery_140d5d26545cd1143b5332210d0ab83b\">\n\t<div class=\"ngg-galleria\"><\/div>\n\n    <div class=\"ngg-galleria-offscreen-seo-wrapper\">\n                    <a href=\"http:\/\/blog.tido.world\/norwegen\/wp-uploads\/nggallery\/15\/nor-011-nach-vikoyri\/blog_norwegen_20160825_181107.jpg\"\n               title=\"\"\n               data-src=\"http:\/\/blog.tido.world\/norwegen\/wp-uploads\/nggallery\/15\/nor-011-nach-vikoyri\/blog_norwegen_20160825_181107.jpg\"\n               data-thumbnail=\"http:\/\/blog.tido.world\/norwegen\/wp-uploads\/nggallery\/15\/nor-011-nach-vikoyri\/thumbs\/thumbs_blog_norwegen_20160825_181107.jpg\"\n               data-image-id=\"119\"\n               data-title=\"blog_norwegen_20160825_181107\"\n               data-description=\"\"\n                class='nextgen_pro_lightbox' data-nplmodal-gallery-id='140d5d26545cd1143b5332210d0ab83b'>\n                <picture>\n\t\n<source srcset='http:\/\/blog.tido.world\/norwegen\/wp-uploads\/nggallery\/15\/nor-011-nach-vikoyri\/blog_norwegen_20160825_181107.jpg' media=''>\n<img title=\"blog_norwegen_20160825_181107\" alt=\"blog_norwegen_20160825_181107\" width=\"900\" height=\"600\" style=\"max-width:900px;max-height:600px\" srcset=\"http:\/\/blog.tido.world\/norwegen\/wp-uploads\/nggallery\/15\/nor-011-nach-vikoyri\/blog_norwegen_20160825_181107.jpg\"\/>\n<\/picture>            <\/a>\n                        <a href=\"http:\/\/blog.tido.world\/norwegen\/wp-uploads\/nggallery\/15\/nor-011-nach-vikoyri\/blog_norwegen_20160825_181602.jpg\"\n               title=\"\"\n               data-src=\"http:\/\/blog.tido.world\/norwegen\/wp-uploads\/nggallery\/15\/nor-011-nach-vikoyri\/blog_norwegen_20160825_181602.jpg\"\n               data-thumbnail=\"http:\/\/blog.tido.world\/norwegen\/wp-uploads\/nggallery\/15\/nor-011-nach-vikoyri\/thumbs\/thumbs_blog_norwegen_20160825_181602.jpg\"\n               data-image-id=\"120\"\n               data-title=\"blog_norwegen_20160825_181602\"\n               data-description=\"\"\n                class='nextgen_pro_lightbox' data-nplmodal-gallery-id='140d5d26545cd1143b5332210d0ab83b'>\n                <picture>\n\t\n<source srcset='http:\/\/blog.tido.world\/norwegen\/wp-uploads\/nggallery\/15\/nor-011-nach-vikoyri\/blog_norwegen_20160825_181602.jpg' media=''>\n<img title=\"blog_norwegen_20160825_181602\" alt=\"blog_norwegen_20160825_181602\" width=\"900\" height=\"600\" style=\"max-width:900px;max-height:600px\" srcset=\"http:\/\/blog.tido.world\/norwegen\/wp-uploads\/nggallery\/15\/nor-011-nach-vikoyri\/blog_norwegen_20160825_181602.jpg\"\/>\n<\/picture>            <\/a>\n                <\/div>\n<\/div>\n<\/p>\n<p>Eine sch\u00f6ne stelle war schnell gefunden und der Camper mit Talblick geparkt. Okay okay, mal mit Aussicht, mal ohne. Aber prinzipiell ..!<br \/>\nWir waren gespannt, was morgen in der Werkstatt diagnostiziert werden und welche Auswirkungen es auf unsere Weiterfahrt haben w\u00fcrde. Bis dahin aber schoben wir keinen Frust, sondern genossen wieder einmal den Moment und die Ruhe, w\u00e4hrend die Nudeln vor sich hink\u00f6chelten und die Wolken nach und nach in ansprechendere H\u00f6hen aufstiegen.<\/p>\n<div class=\"nextgen_pro_blog_gallery\" id=\"displayed_gallery_8c4df605c19b9b954ca4b6d7b351f2a0\">\n            <div id=\"ngg-image-displayed_gallery_8c4df605c19b9b954ca4b6d7b351f2a0-0\" class=\"image-wrapper\" style=\"width: 800px\">\n                                    <a href=\"http:\/\/blog.tido.world\/norwegen\/wp-uploads\/nggallery\/15\/nor-011-nach-vikoyri\/blog_norwegen_20160825_195341.jpg\"\n               title=\"\"\n               data-src=\"http:\/\/blog.tido.world\/norwegen\/wp-uploads\/nggallery\/15\/nor-011-nach-vikoyri\/blog_norwegen_20160825_195341.jpg\"\n               data-thumbnail=\"http:\/\/blog.tido.world\/norwegen\/wp-uploads\/nggallery\/15\/nor-011-nach-vikoyri\/thumbs\/thumbs_blog_norwegen_20160825_195341.jpg\"\n               data-image-id=\"122\"\n               data-title=\"blog_norwegen_20160825_195341\"\n               data-description=\"\"\n               class='nextgen_pro_lightbox' data-nplmodal-gallery-id='8c4df605c19b9b954ca4b6d7b351f2a0'>\n                <picture>\n\t\n<source srcset='http:\/\/blog.tido.world\/norwegen\/wp-uploads\/nggallery\/15\/nor-011-nach-vikoyri\/blog_norwegen_20160825_195341.jpg' media=''>\n<img width=\"800\" title=\"blog_norwegen_20160825_195341\" alt=\"blog_norwegen_20160825_195341\" style=\"max-width:800px;max-height:px\" srcset=\"http:\/\/blog.tido.world\/norwegen\/wp-uploads\/nggallery\/15\/nor-011-nach-vikoyri\/blog_norwegen_20160825_195341.jpg\"\/>\n<\/picture>            <\/a>\n                                <\/div>\n        <div class=\"ngg-clear\"><\/div>\n        <\/div>\n\n","protected":false},"excerpt":{"rendered":"<p>Saubere Sache Zum Gl\u00fcck nicht zu fr\u00fch von den Belgiern beim Abbauen ihrer Zelte geweckt, lie\u00dfen wir es heute sehr ruhig angehen. Die Klamotten waren inzwischen halbwegs trocken geworden, wir selbst aber hatten trotz der \u00fcber einst\u00fcndigen Regendusche gestern durchaus den Wunsch nach einer weiteren, richtigen Dusche. Nach dem Fr\u00fchst\u00fcck fuhren wir los und hielten [&hellip;]<\/p>\n","protected":false},"author":1,"featured_media":0,"comment_status":"open","ping_status":"open","sticky":false,"template":"","format":"standard","meta":{"ngg_post_thumbnail":0,"footnotes":""},"categories":[1],"tags":[],"class_list":["post-377","post","type-post","status-publish","format-standard","hentry","category-allgemein"],"_links":{"self":[{"href":"http:\/\/blog.tido.world\/norwegen\/wp-json\/wp\/v2\/posts\/377","targetHints":{"allow":["GET"]}}],"collection":[{"href":"http:\/\/blog.tido.world\/norwegen\/wp-json\/wp\/v2\/posts"}],"about":[{"href":"http:\/\/blog.tido.world\/norwegen\/wp-json\/wp\/v2\/types\/post"}],"author":[{"embeddable":true,"href":"http:\/\/blog.tido.world\/norwegen\/wp-json\/wp\/v2\/users\/1"}],"replies":[{"embeddable":true,"href":"http:\/\/blog.tido.world\/norwegen\/wp-json\/wp\/v2\/comments?post=377"}],"version-history":[{"count":0,"href":"http:\/\/blog.tido.world\/norwegen\/wp-json\/wp\/v2\/posts\/377\/revisions"}],"wp:attachment":[{"href":"http:\/\/blog.tido.world\/norwegen\/wp-json\/wp\/v2\/media?parent=377"}],"wp:term":[{"taxonomy":"category","embeddable":true,"href":"http:\/\/blog.tido.world\/norwegen\/wp-json\/wp\/v2\/categories?post=377"},{"taxonomy":"post_tag","embeddable":true,"href":"http:\/\/blog.tido.world\/norwegen\/wp-json\/wp\/v2\/tags?post=377"}],"curies":[{"name":"wp","href":"https:\/\/api.w.org\/{rel}","templated":true}]}}