{"id":673,"date":"2016-08-30T20:30:38","date_gmt":"2016-08-30T18:30:38","guid":{"rendered":"http:\/\/blog.tido.world\/norwegen\/?p=673"},"modified":"2016-09-29T13:36:14","modified_gmt":"2016-09-29T11:36:14","slug":"westcoast","status":"publish","type":"post","link":"http:\/\/blog.tido.world\/norwegen\/westcoast\/","title":{"rendered":"Westcoast"},"content":{"rendered":"<p id=\"post-subtitle\">Fahrt ins Graue<\/p>\n<p><i class=\"fa fa-quote-left fa-2x fa-pull-left\"><\/i>Fr\u00fchmorgens war vom Flatbreen, der Gletscherzunge, &#8222;unter&#8220; der wir \u00fcbernachtet hatten, nichts zu sehen. Tief hingen die Wolken und verweigerten jedweden Blick auf die umliegenden Berge.<br \/>\nWir debatierten und pr\u00fcften noch einmal die Wetterberichte von interessanten Orten in allen Himmelsrichtungen, aber es schien v\u00f6llig gleich, wohin wir fahren, es w\u00fcrde dort regnen. So blieben wir also beim groben Plan und starteten in Richtung Vestkapp, dem westlichsten Punkt des norwegischen Festlandes. Es ging gut voran und um so weiter runter wir kamen, desto besser wurde die Sicht, auch wenn es grau und verregnet blieb. So taten sich zumindest ab und zu das eine oder andere nette Panorama auf.<\/p>\n<div class=\"nextgen_pro_blog_gallery\" id=\"displayed_gallery_3671bcb5138d3e08262aeacdb18835fe\">\n            <div id=\"ngg-image-displayed_gallery_3671bcb5138d3e08262aeacdb18835fe-0\" class=\"image-wrapper\" style=\"width: 800px\">\n                                    <a href=\"http:\/\/blog.tido.world\/norwegen\/wp-uploads\/nggallery\/15\/nor-017-zum-vestkapp\/blog_norwegen_20160830_105823.jpg\"\n               title=\"\"\n               data-src=\"http:\/\/blog.tido.world\/norwegen\/wp-uploads\/nggallery\/15\/nor-017-zum-vestkapp\/blog_norwegen_20160830_105823.jpg\"\n               data-thumbnail=\"http:\/\/blog.tido.world\/norwegen\/wp-uploads\/nggallery\/15\/nor-017-zum-vestkapp\/thumbs\/thumbs_blog_norwegen_20160830_105823.jpg\"\n               data-image-id=\"186\"\n               data-title=\"blog_norwegen_20160830_105823\"\n               data-description=\"\"\n               class='nextgen_pro_lightbox' data-nplmodal-gallery-id='3671bcb5138d3e08262aeacdb18835fe'>\n                <picture>\n\t\n<source srcset='http:\/\/blog.tido.world\/norwegen\/wp-uploads\/nggallery\/15\/nor-017-zum-vestkapp\/blog_norwegen_20160830_105823.jpg' media=''>\n<img width=\"800\" title=\"blog_norwegen_20160830_105823\" alt=\"blog_norwegen_20160830_105823\" style=\"max-width:800px;max-height:px\" srcset=\"http:\/\/blog.tido.world\/norwegen\/wp-uploads\/nggallery\/15\/nor-017-zum-vestkapp\/blog_norwegen_20160830_105823.jpg\"\/>\n<\/picture>            <\/a>\n                                <\/div>\n        <div class=\"ngg-clear\"><\/div>\n        <\/div>\n\n<p id=\"post-subtitle\">Rundum das Vestkapp<\/p>\n<p>Auf der Fahrt suchte Doreen ein paar Punkte in der N\u00e4he des Vestkapp raus, die wir mit dem Auto ansteuern konnten, denn nach Wandern war uns in der Suppe wirklich nicht zu Mute. \u00dcber eine Br\u00fccke verlie\u00dfen wir erst einmal das Festland um auf der Insel V\u00e5gs\u00f8ya den sogenannten Kannensteinen zu besuchen. Er ist ein in der Brandung liegender Fels, der an beiden stetig geh\u00f6hlt mittlerweile zu einer ungew\u00f6hnlichen Form gekommen war. Genau das richtige, so zum Kaffeetrinken.<br \/>\nAls n\u00e4chstes fuhren wir zum sch\u00f6nsten Strand Norwegens. Es regnete und st\u00fcrmte wie wahnsinnig, aber einen Spaziergang lie\u00dfen wir uns nicht nehmen. Nach 5min waren wir so nass, als w\u00e4ren wir schwimmen gegangen. Anlass genug, um gleich die Duschen vorort zu nutzen.<br \/>\nWieder von der Insel runter folgten wir einer schicken kleinen K\u00fcstenstra\u00dfe und passierten das ein oder andere raue Dorf, bis wir uns pl\u00f6tzlich am Nordpol(l) wiederfanden. Zwar kamen wir heute noch bis zum eigentlichen Vestkapp, aber die Sicht auf der Anh\u00f6he am Ende der Halbinsel war gleich Null und der Sturm wirklich be\u00e4ngstigend. Da an Aussteigen nicht zu denken war, suchten wir uns ein paar Kilometer zur\u00fcck ein ruhiges Pl\u00e4tzchen und verschoben einen zweiten Versuch auf morgen Vormittag. Vielleicht wird es ja besser ..!?<\/p>\n<p><div class=\"nextgen_pro_blog_gallery\" id=\"displayed_gallery_2493fe838de3014ce244829e366d7041\">\n    <\/div>\n<style type='text\/css'>\n    #ngg-gallery-bddead8d61d4e82e75976dc839895cd6 .ngg-pro-masonry-item {\n        margin-bottom: 12px;\n    }\n<\/style>\n<div class=\"ngg-pro-masonry\" id=\"ngg-gallery-bddead8d61d4e82e75976dc839895cd6\">\n    <div class='ngg-pro-masonry-gutter' style='width: 12px'><\/div>\n    <div class='ngg-pro-masonry-sizer' style='width: 192px'><\/div>\n                <div class='ngg-pro-masonry-item' style='height: 128px; max-width: 192px;'>\n                <a href=\"http:\/\/blog.tido.world\/norwegen\/wp-uploads\/nggallery\/15\/nor-017-zum-vestkapp\/blog_norwegen_20160830_121637.jpg\"\n                   title=\"\"\n                   data-src=\"http:\/\/blog.tido.world\/norwegen\/wp-uploads\/nggallery\/15\/nor-017-zum-vestkapp\/blog_norwegen_20160830_121637.jpg\"\n                   data-thumbnail=\"http:\/\/blog.tido.world\/norwegen\/wp-uploads\/nggallery\/15\/nor-017-zum-vestkapp\/cache\/blog_norwegen_20160830_121637.jpg-nggid03187-ngg0dyn-192x0-00f0w010c010r110f110r010t010.jpg\"\n                   data-image-id=\"187\"\n                   data-title=\"blog_norwegen_20160830_121637\"\n                   data-description=\"\"\n                   data-ngg-captions-nostylecopy=\"1\"\n                   class='nextgen_pro_lightbox' data-nplmodal-gallery-id='bddead8d61d4e82e75976dc839895cd6'>\n\t                <picture>\n\t\n<source srcset='http:\/\/blog.tido.world\/norwegen\/wp-uploads\/nggallery\/15\/nor-017-zum-vestkapp\/cache\/blog_norwegen_20160830_121637.jpg-nggid03187-ngg0dyn-192x0-00f0w010c010r110f110r010t010.jpg' media=''>\n<img title=\"blog_norwegen_20160830_121637\" alt=\"blog_norwegen_20160830_121637\" width=\"192\" height=\"128\" style=\"max-width:192px;max-height:128px\" srcset=\"http:\/\/blog.tido.world\/norwegen\/wp-uploads\/nggallery\/15\/nor-017-zum-vestkapp\/cache\/blog_norwegen_20160830_121637.jpg-nggid03187-ngg0dyn-192x0-00f0w010c010r110f110r010t010.jpg\"\/>\n<\/picture>                <\/a>\n            <\/div>\n                                    <div class='ngg-pro-masonry-item' style='height: 128px; max-width: 192px;'>\n                <a href=\"http:\/\/blog.tido.world\/norwegen\/wp-uploads\/nggallery\/15\/nor-017-zum-vestkapp\/blog_norwegen_20160830_144511.jpg\"\n                   title=\"\"\n                   data-src=\"http:\/\/blog.tido.world\/norwegen\/wp-uploads\/nggallery\/15\/nor-017-zum-vestkapp\/blog_norwegen_20160830_144511.jpg\"\n                   data-thumbnail=\"http:\/\/blog.tido.world\/norwegen\/wp-uploads\/nggallery\/15\/nor-017-zum-vestkapp\/cache\/blog_norwegen_20160830_144511.jpg-nggid03189-ngg0dyn-192x0-00f0w010c010r110f110r010t010.jpg\"\n                   data-image-id=\"189\"\n                   data-title=\"blog_norwegen_20160830_144511\"\n                   data-description=\"\"\n                   data-ngg-captions-nostylecopy=\"1\"\n                   class='nextgen_pro_lightbox' data-nplmodal-gallery-id='bddead8d61d4e82e75976dc839895cd6'>\n\t                <picture>\n\t\n<source srcset='http:\/\/blog.tido.world\/norwegen\/wp-uploads\/nggallery\/15\/nor-017-zum-vestkapp\/cache\/blog_norwegen_20160830_144511.jpg-nggid03189-ngg0dyn-192x0-00f0w010c010r110f110r010t010.jpg' media=''>\n<img title=\"blog_norwegen_20160830_144511\" alt=\"blog_norwegen_20160830_144511\" width=\"192\" height=\"128\" style=\"max-width:192px;max-height:128px\" srcset=\"http:\/\/blog.tido.world\/norwegen\/wp-uploads\/nggallery\/15\/nor-017-zum-vestkapp\/cache\/blog_norwegen_20160830_144511.jpg-nggid03189-ngg0dyn-192x0-00f0w010c010r110f110r010t010.jpg\"\/>\n<\/picture>                <\/a>\n            <\/div>\n                                    <div class='ngg-pro-masonry-item' style='height: 108px; max-width: 192px;'>\n                <a href=\"http:\/\/blog.tido.world\/norwegen\/wp-uploads\/nggallery\/15\/nor-017-zum-vestkapp\/blog_norwegen_20160830_155652.jpg\"\n                   title=\"\"\n                   data-src=\"http:\/\/blog.tido.world\/norwegen\/wp-uploads\/nggallery\/15\/nor-017-zum-vestkapp\/blog_norwegen_20160830_155652.jpg\"\n                   data-thumbnail=\"http:\/\/blog.tido.world\/norwegen\/wp-uploads\/nggallery\/15\/nor-017-zum-vestkapp\/cache\/blog_norwegen_20160830_155652.jpg-nggid03190-ngg0dyn-192x0-00f0w010c010r110f110r010t010.jpg\"\n                   data-image-id=\"190\"\n                   data-title=\"blog_norwegen_20160830_155652\"\n                   data-description=\"\"\n                   data-ngg-captions-nostylecopy=\"1\"\n                   class='nextgen_pro_lightbox' data-nplmodal-gallery-id='bddead8d61d4e82e75976dc839895cd6'>\n\t                <picture>\n\t\n<source srcset='http:\/\/blog.tido.world\/norwegen\/wp-uploads\/nggallery\/15\/nor-017-zum-vestkapp\/cache\/blog_norwegen_20160830_155652.jpg-nggid03190-ngg0dyn-192x0-00f0w010c010r110f110r010t010.jpg' media=''>\n<img title=\"blog_norwegen_20160830_155652\" alt=\"blog_norwegen_20160830_155652\" width=\"192\" height=\"108\" style=\"max-width:192px;max-height:108px\" srcset=\"http:\/\/blog.tido.world\/norwegen\/wp-uploads\/nggallery\/15\/nor-017-zum-vestkapp\/cache\/blog_norwegen_20160830_155652.jpg-nggid03190-ngg0dyn-192x0-00f0w010c010r110f110r010t010.jpg\"\/>\n<\/picture>                <\/a>\n            <\/div>\n                                    <div class='ngg-pro-masonry-item' style='height: 144px; max-width: 192px;'>\n                <a href=\"http:\/\/blog.tido.world\/norwegen\/wp-uploads\/nggallery\/15\/nor-017-zum-vestkapp\/blog_norwegen_20160830_160001.jpg\"\n                   title=\"\"\n                   data-src=\"http:\/\/blog.tido.world\/norwegen\/wp-uploads\/nggallery\/15\/nor-017-zum-vestkapp\/blog_norwegen_20160830_160001.jpg\"\n                   data-thumbnail=\"http:\/\/blog.tido.world\/norwegen\/wp-uploads\/nggallery\/15\/nor-017-zum-vestkapp\/cache\/blog_norwegen_20160830_160001.jpg-nggid03191-ngg0dyn-192x0-00f0w010c010r110f110r010t010.jpg\"\n                   data-image-id=\"191\"\n                   data-title=\"blog_norwegen_20160830_160001\"\n                   data-description=\"\"\n                   data-ngg-captions-nostylecopy=\"1\"\n                   class='nextgen_pro_lightbox' data-nplmodal-gallery-id='bddead8d61d4e82e75976dc839895cd6'>\n\t                <picture>\n\t\n<source srcset='http:\/\/blog.tido.world\/norwegen\/wp-uploads\/nggallery\/15\/nor-017-zum-vestkapp\/cache\/blog_norwegen_20160830_160001.jpg-nggid03191-ngg0dyn-192x0-00f0w010c010r110f110r010t010.jpg' media=''>\n<img title=\"blog_norwegen_20160830_160001\" alt=\"blog_norwegen_20160830_160001\" width=\"192\" height=\"144\" style=\"max-width:192px;max-height:144px\" srcset=\"http:\/\/blog.tido.world\/norwegen\/wp-uploads\/nggallery\/15\/nor-017-zum-vestkapp\/cache\/blog_norwegen_20160830_160001.jpg-nggid03191-ngg0dyn-192x0-00f0w010c010r110f110r010t010.jpg\"\/>\n<\/picture>                <\/a>\n            <\/div>\n                                    <div class='ngg-pro-masonry-item' style='height: 288px; max-width: 192px;'>\n                <a href=\"http:\/\/blog.tido.world\/norwegen\/wp-uploads\/nggallery\/15\/nor-017-zum-vestkapp\/blog_norwegen_20160830_173356.jpg\"\n                   title=\"\"\n                   data-src=\"http:\/\/blog.tido.world\/norwegen\/wp-uploads\/nggallery\/15\/nor-017-zum-vestkapp\/blog_norwegen_20160830_173356.jpg\"\n                   data-thumbnail=\"http:\/\/blog.tido.world\/norwegen\/wp-uploads\/nggallery\/15\/nor-017-zum-vestkapp\/cache\/blog_norwegen_20160830_173356.jpg-nggid03194-ngg0dyn-192x0-00f0w010c010r110f110r010t010.jpg\"\n                   data-image-id=\"194\"\n                   data-title=\"blog_norwegen_20160830_173356\"\n                   data-description=\"\"\n                   data-ngg-captions-nostylecopy=\"1\"\n                   class='nextgen_pro_lightbox' data-nplmodal-gallery-id='bddead8d61d4e82e75976dc839895cd6'>\n\t                <picture>\n\t\n<source srcset='http:\/\/blog.tido.world\/norwegen\/wp-uploads\/nggallery\/15\/nor-017-zum-vestkapp\/cache\/blog_norwegen_20160830_173356.jpg-nggid03194-ngg0dyn-192x0-00f0w010c010r110f110r010t010.jpg' media=''>\n<img title=\"blog_norwegen_20160830_173356\" alt=\"blog_norwegen_20160830_173356\" width=\"192\" height=\"288\" style=\"max-width:192px;max-height:288px\" srcset=\"http:\/\/blog.tido.world\/norwegen\/wp-uploads\/nggallery\/15\/nor-017-zum-vestkapp\/cache\/blog_norwegen_20160830_173356.jpg-nggid03194-ngg0dyn-192x0-00f0w010c010r110f110r010t010.jpg\"\/>\n<\/picture>                <\/a>\n            <\/div>\n                                    <div class='ngg-pro-masonry-item' style='height: 144px; max-width: 192px;'>\n                <a href=\"http:\/\/blog.tido.world\/norwegen\/wp-uploads\/nggallery\/15\/nor-017-zum-vestkapp\/blog_norwegen_20160830_160237.jpg\"\n                   title=\"\"\n                   data-src=\"http:\/\/blog.tido.world\/norwegen\/wp-uploads\/nggallery\/15\/nor-017-zum-vestkapp\/blog_norwegen_20160830_160237.jpg\"\n                   data-thumbnail=\"http:\/\/blog.tido.world\/norwegen\/wp-uploads\/nggallery\/15\/nor-017-zum-vestkapp\/cache\/blog_norwegen_20160830_160237.jpg-nggid03192-ngg0dyn-192x0-00f0w010c010r110f110r010t010.jpg\"\n                   data-image-id=\"192\"\n                   data-title=\"blog_norwegen_20160830_160237\"\n                   data-description=\"\"\n                   data-ngg-captions-nostylecopy=\"1\"\n                   class='nextgen_pro_lightbox' data-nplmodal-gallery-id='bddead8d61d4e82e75976dc839895cd6'>\n\t                <picture>\n\t\n<source srcset='http:\/\/blog.tido.world\/norwegen\/wp-uploads\/nggallery\/15\/nor-017-zum-vestkapp\/cache\/blog_norwegen_20160830_160237.jpg-nggid03192-ngg0dyn-192x0-00f0w010c010r110f110r010t010.jpg' media=''>\n<img title=\"blog_norwegen_20160830_160237\" alt=\"blog_norwegen_20160830_160237\" width=\"192\" height=\"144\" style=\"max-width:192px;max-height:144px\" srcset=\"http:\/\/blog.tido.world\/norwegen\/wp-uploads\/nggallery\/15\/nor-017-zum-vestkapp\/cache\/blog_norwegen_20160830_160237.jpg-nggid03192-ngg0dyn-192x0-00f0w010c010r110f110r010t010.jpg\"\/>\n<\/picture>                <\/a>\n            <\/div>\n                                    <div class='ngg-pro-masonry-item' style='height: 96px; max-width: 192px;'>\n                <a href=\"http:\/\/blog.tido.world\/norwegen\/wp-uploads\/nggallery\/15\/nor-017-zum-vestkapp\/blog_norwegen_20160830_171412.jpg\"\n                   title=\"\"\n                   data-src=\"http:\/\/blog.tido.world\/norwegen\/wp-uploads\/nggallery\/15\/nor-017-zum-vestkapp\/blog_norwegen_20160830_171412.jpg\"\n                   data-thumbnail=\"http:\/\/blog.tido.world\/norwegen\/wp-uploads\/nggallery\/15\/nor-017-zum-vestkapp\/cache\/blog_norwegen_20160830_171412.jpg-nggid03193-ngg0dyn-192x0-00f0w010c010r110f110r010t010.jpg\"\n                   data-image-id=\"193\"\n                   data-title=\"blog_norwegen_20160830_171412\"\n                   data-description=\"\"\n                   data-ngg-captions-nostylecopy=\"1\"\n                   class='nextgen_pro_lightbox' data-nplmodal-gallery-id='bddead8d61d4e82e75976dc839895cd6'>\n\t                <picture>\n\t\n<source srcset='http:\/\/blog.tido.world\/norwegen\/wp-uploads\/nggallery\/15\/nor-017-zum-vestkapp\/cache\/blog_norwegen_20160830_171412.jpg-nggid03193-ngg0dyn-192x0-00f0w010c010r110f110r010t010.jpg' media=''>\n<img title=\"blog_norwegen_20160830_171412\" alt=\"blog_norwegen_20160830_171412\" width=\"192\" height=\"96\" style=\"max-width:192px;max-height:96px\" srcset=\"http:\/\/blog.tido.world\/norwegen\/wp-uploads\/nggallery\/15\/nor-017-zum-vestkapp\/cache\/blog_norwegen_20160830_171412.jpg-nggid03193-ngg0dyn-192x0-00f0w010c010r110f110r010t010.jpg\"\/>\n<\/picture>                <\/a>\n            <\/div>\n                                    <div class='ngg-pro-masonry-item' style='height: 128px; max-width: 192px;'>\n                <a href=\"http:\/\/blog.tido.world\/norwegen\/wp-uploads\/nggallery\/15\/nor-017-zum-vestkapp\/blog_norwegen_20160830_201103.jpg\"\n                   title=\"\"\n                   data-src=\"http:\/\/blog.tido.world\/norwegen\/wp-uploads\/nggallery\/15\/nor-017-zum-vestkapp\/blog_norwegen_20160830_201103.jpg\"\n                   data-thumbnail=\"http:\/\/blog.tido.world\/norwegen\/wp-uploads\/nggallery\/15\/nor-017-zum-vestkapp\/cache\/blog_norwegen_20160830_201103.jpg-nggid03195-ngg0dyn-192x0-00f0w010c010r110f110r010t010.jpg\"\n                   data-image-id=\"195\"\n                   data-title=\"blog_norwegen_20160830_201103\"\n                   data-description=\"\"\n                   data-ngg-captions-nostylecopy=\"1\"\n                   class='nextgen_pro_lightbox' data-nplmodal-gallery-id='bddead8d61d4e82e75976dc839895cd6'>\n\t                <picture>\n\t\n<source srcset='http:\/\/blog.tido.world\/norwegen\/wp-uploads\/nggallery\/15\/nor-017-zum-vestkapp\/cache\/blog_norwegen_20160830_201103.jpg-nggid03195-ngg0dyn-192x0-00f0w010c010r110f110r010t010.jpg' media=''>\n<img title=\"blog_norwegen_20160830_201103\" alt=\"blog_norwegen_20160830_201103\" width=\"192\" height=\"128\" style=\"max-width:192px;max-height:128px\" srcset=\"http:\/\/blog.tido.world\/norwegen\/wp-uploads\/nggallery\/15\/nor-017-zum-vestkapp\/cache\/blog_norwegen_20160830_201103.jpg-nggid03195-ngg0dyn-192x0-00f0w010c010r110f110r010t010.jpg\"\/>\n<\/picture>                <\/a>\n            <\/div>\n                            <\/div><\/p>\n","protected":false},"excerpt":{"rendered":"<p>Fahrt ins Graue Fr\u00fchmorgens war vom Flatbreen, der Gletscherzunge, &#8222;unter&#8220; der wir \u00fcbernachtet hatten, nichts zu sehen. Tief hingen die Wolken und verweigerten jedweden Blick auf die umliegenden Berge. Wir debatierten und pr\u00fcften noch einmal die Wetterberichte von interessanten Orten in allen Himmelsrichtungen, aber es schien v\u00f6llig gleich, wohin wir fahren, es w\u00fcrde dort regnen. [&hellip;]<\/p>\n","protected":false},"author":1,"featured_media":0,"comment_status":"open","ping_status":"open","sticky":false,"template":"","format":"standard","meta":{"ngg_post_thumbnail":0,"footnotes":""},"categories":[1],"tags":[],"class_list":["post-673","post","type-post","status-publish","format-standard","hentry","category-allgemein"],"_links":{"self":[{"href":"http:\/\/blog.tido.world\/norwegen\/wp-json\/wp\/v2\/posts\/673","targetHints":{"allow":["GET"]}}],"collection":[{"href":"http:\/\/blog.tido.world\/norwegen\/wp-json\/wp\/v2\/posts"}],"about":[{"href":"http:\/\/blog.tido.world\/norwegen\/wp-json\/wp\/v2\/types\/post"}],"author":[{"embeddable":true,"href":"http:\/\/blog.tido.world\/norwegen\/wp-json\/wp\/v2\/users\/1"}],"replies":[{"embeddable":true,"href":"http:\/\/blog.tido.world\/norwegen\/wp-json\/wp\/v2\/comments?post=673"}],"version-history":[{"count":0,"href":"http:\/\/blog.tido.world\/norwegen\/wp-json\/wp\/v2\/posts\/673\/revisions"}],"wp:attachment":[{"href":"http:\/\/blog.tido.world\/norwegen\/wp-json\/wp\/v2\/media?parent=673"}],"wp:term":[{"taxonomy":"category","embeddable":true,"href":"http:\/\/blog.tido.world\/norwegen\/wp-json\/wp\/v2\/categories?post=673"},{"taxonomy":"post_tag","embeddable":true,"href":"http:\/\/blog.tido.world\/norwegen\/wp-json\/wp\/v2\/tags?post=673"}],"curies":[{"name":"wp","href":"https:\/\/api.w.org\/{rel}","templated":true}]}}