{"id":708,"date":"2016-08-31T22:43:37","date_gmt":"2016-08-31T20:43:37","guid":{"rendered":"http:\/\/blog.tido.world\/norwegen\/?p=708"},"modified":"2016-09-29T13:42:39","modified_gmt":"2016-09-29T11:42:39","slug":"von-west-nach-ost","status":"publish","type":"post","link":"http:\/\/blog.tido.world\/norwegen\/von-west-nach-ost\/","title":{"rendered":"Von West nach Ost"},"content":{"rendered":"<p id=\"post-subtitle\">Vestkapp, der zweite Versuch<\/p>\n<p><i class=\"fa fa-quote-left fa-2x fa-pull-left\"><\/i>Nach einer doch recht st\u00fcrmischen Nacht, die wir sicherheitshalber nicht unter aufgestelltem Dach, sondern im Auto verbrachten, war es morgens zumindest von oben trocken. Heute konnten wir auf der erneuten Auffahrt zum Kap sogar sehen wohin es geht. Oben angekommen war nun auch das markannte Geb\u00e4ude des meteorologischen Instituts zu sehen und da au\u00dfer uns weit und breit absolut niemand war, fuhren wir sogar bis ran. Doreen traute sich zun\u00e4chst kaum, das Auto zu verlassen oder zumindest eine T\u00fcr zu \u00f6ffnen, denn auch heute hatte es wieder seinen guten Grund, weshalb M\u00fclltonnen und \u00c4hnliches mit Stahlseilen an sehr gro\u00dfen Felsen bef\u00e4stigt waren. Selbst ich hatte auf einer kleinen Runde wirklich M\u00fche, wenn eine B\u00f6he \u00fcber das Kap fegte. Irgendwie aber passte das Wetter und die Stimmung zu einem so rauhen Ort.<\/p>\n<p><div class=\"nextgen_pro_blog_gallery\" id=\"displayed_gallery_c29902a34d97d4d4419c4901a5d14094\">\n            <div id=\"ngg-image-displayed_gallery_c29902a34d97d4d4419c4901a5d14094-0\" class=\"image-wrapper\" style=\"width: 800px\">\n                                    <a href=\"http:\/\/blog.tido.world\/norwegen\/wp-uploads\/nggallery\/15\/nor-018-vestkapp\/blog_norwegen_20160831_074051.jpg\"\n               title=\"\"\n               data-src=\"http:\/\/blog.tido.world\/norwegen\/wp-uploads\/nggallery\/15\/nor-018-vestkapp\/blog_norwegen_20160831_074051.jpg\"\n               data-thumbnail=\"http:\/\/blog.tido.world\/norwegen\/wp-uploads\/nggallery\/15\/nor-018-vestkapp\/thumbs\/thumbs_blog_norwegen_20160831_074051.jpg\"\n               data-image-id=\"197\"\n               data-title=\"blog_norwegen_20160831_074051\"\n               data-description=\"\"\n               class='nextgen_pro_lightbox' data-nplmodal-gallery-id='c29902a34d97d4d4419c4901a5d14094'>\n                <picture>\n\t\n<source srcset='http:\/\/blog.tido.world\/norwegen\/wp-uploads\/nggallery\/15\/nor-018-vestkapp\/blog_norwegen_20160831_074051.jpg' media=''>\n<img width=\"800\" title=\"blog_norwegen_20160831_074051\" alt=\"blog_norwegen_20160831_074051\" style=\"max-width:800px;max-height:px\" srcset=\"http:\/\/blog.tido.world\/norwegen\/wp-uploads\/nggallery\/15\/nor-018-vestkapp\/blog_norwegen_20160831_074051.jpg\"\/>\n<\/picture>            <\/a>\n                                <\/div>\n        <div class=\"ngg-clear\"><\/div>\n        <\/div>\n<style type='text\/css'>\n    #ngg-gallery-5311fb8e6de1cc869e031d51671ac293 .ngg-pro-masonry-item {\n        margin-bottom: 12px;\n    }\n<\/style>\n<div class=\"ngg-pro-masonry\" id=\"ngg-gallery-5311fb8e6de1cc869e031d51671ac293\">\n    <div class='ngg-pro-masonry-gutter' style='width: 12px'><\/div>\n    <div class='ngg-pro-masonry-sizer' style='width: 192px'><\/div>\n                <div class='ngg-pro-masonry-item' style='height: 128px; max-width: 192px;'>\n                <a href=\"http:\/\/blog.tido.world\/norwegen\/wp-uploads\/nggallery\/15\/nor-018-vestkapp\/blog_norwegen_20160831_081259.jpg\"\n                   title=\"\"\n                   data-src=\"http:\/\/blog.tido.world\/norwegen\/wp-uploads\/nggallery\/15\/nor-018-vestkapp\/blog_norwegen_20160831_081259.jpg\"\n                   data-thumbnail=\"http:\/\/blog.tido.world\/norwegen\/wp-uploads\/nggallery\/15\/nor-018-vestkapp\/cache\/blog_norwegen_20160831_081259.jpg-nggid03198-ngg0dyn-192x0-00f0w010c010r110f110r010t010.jpg\"\n                   data-image-id=\"198\"\n                   data-title=\"blog_norwegen_20160831_081259\"\n                   data-description=\"\"\n                   data-ngg-captions-nostylecopy=\"1\"\n                   class='nextgen_pro_lightbox' data-nplmodal-gallery-id='5311fb8e6de1cc869e031d51671ac293'>\n\t                <picture>\n\t\n<source srcset='http:\/\/blog.tido.world\/norwegen\/wp-uploads\/nggallery\/15\/nor-018-vestkapp\/cache\/blog_norwegen_20160831_081259.jpg-nggid03198-ngg0dyn-192x0-00f0w010c010r110f110r010t010.jpg' media=''>\n<img title=\"blog_norwegen_20160831_081259\" alt=\"blog_norwegen_20160831_081259\" width=\"192\" height=\"128\" style=\"max-width:192px;max-height:128px\" srcset=\"http:\/\/blog.tido.world\/norwegen\/wp-uploads\/nggallery\/15\/nor-018-vestkapp\/cache\/blog_norwegen_20160831_081259.jpg-nggid03198-ngg0dyn-192x0-00f0w010c010r110f110r010t010.jpg\"\/>\n<\/picture>                <\/a>\n            <\/div>\n                                    <div class='ngg-pro-masonry-item' style='height: 64px; max-width: 192px;'>\n                <a href=\"http:\/\/blog.tido.world\/norwegen\/wp-uploads\/nggallery\/15\/nor-018-vestkapp\/blog_norwegen_20160831_073859.jpg\"\n                   title=\"\"\n                   data-src=\"http:\/\/blog.tido.world\/norwegen\/wp-uploads\/nggallery\/15\/nor-018-vestkapp\/blog_norwegen_20160831_073859.jpg\"\n                   data-thumbnail=\"http:\/\/blog.tido.world\/norwegen\/wp-uploads\/nggallery\/15\/nor-018-vestkapp\/cache\/blog_norwegen_20160831_073859.jpg-nggid03196-ngg0dyn-192x0-00f0w010c010r110f110r010t010.jpg\"\n                   data-image-id=\"196\"\n                   data-title=\"blog_norwegen_20160831_073859\"\n                   data-description=\"\"\n                   data-ngg-captions-nostylecopy=\"1\"\n                   class='nextgen_pro_lightbox' data-nplmodal-gallery-id='5311fb8e6de1cc869e031d51671ac293'>\n\t                <picture>\n\t\n<source srcset='http:\/\/blog.tido.world\/norwegen\/wp-uploads\/nggallery\/15\/nor-018-vestkapp\/cache\/blog_norwegen_20160831_073859.jpg-nggid03196-ngg0dyn-192x0-00f0w010c010r110f110r010t010.jpg' media=''>\n<img title=\"blog_norwegen_20160831_073859\" alt=\"blog_norwegen_20160831_073859\" width=\"192\" height=\"64\" style=\"max-width:192px;max-height:64px\" srcset=\"http:\/\/blog.tido.world\/norwegen\/wp-uploads\/nggallery\/15\/nor-018-vestkapp\/cache\/blog_norwegen_20160831_073859.jpg-nggid03196-ngg0dyn-192x0-00f0w010c010r110f110r010t010.jpg\"\/>\n<\/picture>                <\/a>\n            <\/div>\n                                    <div class='ngg-pro-masonry-item' style='height: 96px; max-width: 192px;'>\n                <a href=\"http:\/\/blog.tido.world\/norwegen\/wp-uploads\/nggallery\/15\/nor-018-vestkapp\/blog_norwegen_20160831_081651.jpg\"\n                   title=\"\"\n                   data-src=\"http:\/\/blog.tido.world\/norwegen\/wp-uploads\/nggallery\/15\/nor-018-vestkapp\/blog_norwegen_20160831_081651.jpg\"\n                   data-thumbnail=\"http:\/\/blog.tido.world\/norwegen\/wp-uploads\/nggallery\/15\/nor-018-vestkapp\/cache\/blog_norwegen_20160831_081651.jpg-nggid03199-ngg0dyn-192x0-00f0w010c010r110f110r010t010.jpg\"\n                   data-image-id=\"199\"\n                   data-title=\"blog_norwegen_20160831_081651\"\n                   data-description=\"\"\n                   data-ngg-captions-nostylecopy=\"1\"\n                   class='nextgen_pro_lightbox' data-nplmodal-gallery-id='5311fb8e6de1cc869e031d51671ac293'>\n\t                <picture>\n\t\n<source srcset='http:\/\/blog.tido.world\/norwegen\/wp-uploads\/nggallery\/15\/nor-018-vestkapp\/cache\/blog_norwegen_20160831_081651.jpg-nggid03199-ngg0dyn-192x0-00f0w010c010r110f110r010t010.jpg' media=''>\n<img title=\"blog_norwegen_20160831_081651\" alt=\"blog_norwegen_20160831_081651\" width=\"192\" height=\"96\" style=\"max-width:192px;max-height:96px\" srcset=\"http:\/\/blog.tido.world\/norwegen\/wp-uploads\/nggallery\/15\/nor-018-vestkapp\/cache\/blog_norwegen_20160831_081651.jpg-nggid03199-ngg0dyn-192x0-00f0w010c010r110f110r010t010.jpg\"\/>\n<\/picture>                <\/a>\n            <\/div>\n                                    <div class='ngg-pro-masonry-item' style='height: 128px; max-width: 192px;'>\n                <a href=\"http:\/\/blog.tido.world\/norwegen\/wp-uploads\/nggallery\/15\/nor-018-vestkapp\/blog_norwegen_20160831_084756.jpg\"\n                   title=\"\"\n                   data-src=\"http:\/\/blog.tido.world\/norwegen\/wp-uploads\/nggallery\/15\/nor-018-vestkapp\/blog_norwegen_20160831_084756.jpg\"\n                   data-thumbnail=\"http:\/\/blog.tido.world\/norwegen\/wp-uploads\/nggallery\/15\/nor-018-vestkapp\/cache\/blog_norwegen_20160831_084756.jpg-nggid03202-ngg0dyn-192x0-00f0w010c010r110f110r010t010.jpg\"\n                   data-image-id=\"202\"\n                   data-title=\"blog_norwegen_20160831_084756\"\n                   data-description=\"\"\n                   data-ngg-captions-nostylecopy=\"1\"\n                   class='nextgen_pro_lightbox' data-nplmodal-gallery-id='5311fb8e6de1cc869e031d51671ac293'>\n\t                <picture>\n\t\n<source srcset='http:\/\/blog.tido.world\/norwegen\/wp-uploads\/nggallery\/15\/nor-018-vestkapp\/cache\/blog_norwegen_20160831_084756.jpg-nggid03202-ngg0dyn-192x0-00f0w010c010r110f110r010t010.jpg' media=''>\n<img title=\"blog_norwegen_20160831_084756\" alt=\"blog_norwegen_20160831_084756\" width=\"192\" height=\"128\" style=\"max-width:192px;max-height:128px\" srcset=\"http:\/\/blog.tido.world\/norwegen\/wp-uploads\/nggallery\/15\/nor-018-vestkapp\/cache\/blog_norwegen_20160831_084756.jpg-nggid03202-ngg0dyn-192x0-00f0w010c010r110f110r010t010.jpg\"\/>\n<\/picture>                <\/a>\n            <\/div>\n                                    <div class='ngg-pro-masonry-item' style='height: 64px; max-width: 192px;'>\n                <a href=\"http:\/\/blog.tido.world\/norwegen\/wp-uploads\/nggallery\/15\/nor-018-vestkapp\/blog_norwegen_20160831_083328.jpg\"\n                   title=\"\"\n                   data-src=\"http:\/\/blog.tido.world\/norwegen\/wp-uploads\/nggallery\/15\/nor-018-vestkapp\/blog_norwegen_20160831_083328.jpg\"\n                   data-thumbnail=\"http:\/\/blog.tido.world\/norwegen\/wp-uploads\/nggallery\/15\/nor-018-vestkapp\/cache\/blog_norwegen_20160831_083328.jpg-nggid03200-ngg0dyn-192x0-00f0w010c010r110f110r010t010.jpg\"\n                   data-image-id=\"200\"\n                   data-title=\"blog_norwegen_20160831_083328\"\n                   data-description=\"\"\n                   data-ngg-captions-nostylecopy=\"1\"\n                   class='nextgen_pro_lightbox' data-nplmodal-gallery-id='5311fb8e6de1cc869e031d51671ac293'>\n\t                <picture>\n\t\n<source srcset='http:\/\/blog.tido.world\/norwegen\/wp-uploads\/nggallery\/15\/nor-018-vestkapp\/cache\/blog_norwegen_20160831_083328.jpg-nggid03200-ngg0dyn-192x0-00f0w010c010r110f110r010t010.jpg' media=''>\n<img title=\"blog_norwegen_20160831_083328\" alt=\"blog_norwegen_20160831_083328\" width=\"192\" height=\"64\" style=\"max-width:192px;max-height:64px\" srcset=\"http:\/\/blog.tido.world\/norwegen\/wp-uploads\/nggallery\/15\/nor-018-vestkapp\/cache\/blog_norwegen_20160831_083328.jpg-nggid03200-ngg0dyn-192x0-00f0w010c010r110f110r010t010.jpg\"\/>\n<\/picture>                <\/a>\n            <\/div>\n                                    <div class='ngg-pro-masonry-item' style='height: 64px; max-width: 192px;'>\n                <a href=\"http:\/\/blog.tido.world\/norwegen\/wp-uploads\/nggallery\/15\/nor-018-vestkapp\/blog_norwegen_20160831_085816.jpg\"\n                   title=\"\"\n                   data-src=\"http:\/\/blog.tido.world\/norwegen\/wp-uploads\/nggallery\/15\/nor-018-vestkapp\/blog_norwegen_20160831_085816.jpg\"\n                   data-thumbnail=\"http:\/\/blog.tido.world\/norwegen\/wp-uploads\/nggallery\/15\/nor-018-vestkapp\/cache\/blog_norwegen_20160831_085816.jpg-nggid03203-ngg0dyn-192x0-00f0w010c010r110f110r010t010.jpg\"\n                   data-image-id=\"203\"\n                   data-title=\"blog_norwegen_20160831_085816\"\n                   data-description=\"\"\n                   data-ngg-captions-nostylecopy=\"1\"\n                   class='nextgen_pro_lightbox' data-nplmodal-gallery-id='5311fb8e6de1cc869e031d51671ac293'>\n\t                <picture>\n\t\n<source srcset='http:\/\/blog.tido.world\/norwegen\/wp-uploads\/nggallery\/15\/nor-018-vestkapp\/cache\/blog_norwegen_20160831_085816.jpg-nggid03203-ngg0dyn-192x0-00f0w010c010r110f110r010t010.jpg' media=''>\n<img title=\"blog_norwegen_20160831_085816\" alt=\"blog_norwegen_20160831_085816\" width=\"192\" height=\"64\" style=\"max-width:192px;max-height:64px\" srcset=\"http:\/\/blog.tido.world\/norwegen\/wp-uploads\/nggallery\/15\/nor-018-vestkapp\/cache\/blog_norwegen_20160831_085816.jpg-nggid03203-ngg0dyn-192x0-00f0w010c010r110f110r010t010.jpg\"\/>\n<\/picture>                <\/a>\n            <\/div>\n                                    <div class='ngg-pro-masonry-item' style='height: 128px; max-width: 192px;'>\n                <a href=\"http:\/\/blog.tido.world\/norwegen\/wp-uploads\/nggallery\/15\/nor-018-vestkapp\/blog_norwegen_20160831_102326.jpg\"\n                   title=\"\"\n                   data-src=\"http:\/\/blog.tido.world\/norwegen\/wp-uploads\/nggallery\/15\/nor-018-vestkapp\/blog_norwegen_20160831_102326.jpg\"\n                   data-thumbnail=\"http:\/\/blog.tido.world\/norwegen\/wp-uploads\/nggallery\/15\/nor-018-vestkapp\/cache\/blog_norwegen_20160831_102326.jpg-nggid03205-ngg0dyn-192x0-00f0w010c010r110f110r010t010.jpg\"\n                   data-image-id=\"205\"\n                   data-title=\"blog_norwegen_20160831_102326\"\n                   data-description=\"\"\n                   data-ngg-captions-nostylecopy=\"1\"\n                   class='nextgen_pro_lightbox' data-nplmodal-gallery-id='5311fb8e6de1cc869e031d51671ac293'>\n\t                <picture>\n\t\n<source srcset='http:\/\/blog.tido.world\/norwegen\/wp-uploads\/nggallery\/15\/nor-018-vestkapp\/cache\/blog_norwegen_20160831_102326.jpg-nggid03205-ngg0dyn-192x0-00f0w010c010r110f110r010t010.jpg' media=''>\n<img title=\"blog_norwegen_20160831_102326\" alt=\"blog_norwegen_20160831_102326\" width=\"192\" height=\"128\" style=\"max-width:192px;max-height:128px\" srcset=\"http:\/\/blog.tido.world\/norwegen\/wp-uploads\/nggallery\/15\/nor-018-vestkapp\/cache\/blog_norwegen_20160831_102326.jpg-nggid03205-ngg0dyn-192x0-00f0w010c010r110f110r010t010.jpg\"\/>\n<\/picture>                <\/a>\n            <\/div>\n                                    <div class='ngg-pro-masonry-item' style='height: 108px; max-width: 192px;'>\n                <a href=\"http:\/\/blog.tido.world\/norwegen\/wp-uploads\/nggallery\/15\/nor-018-vestkapp\/blog_norwegen_20160831_094237.jpg\"\n                   title=\"\"\n                   data-src=\"http:\/\/blog.tido.world\/norwegen\/wp-uploads\/nggallery\/15\/nor-018-vestkapp\/blog_norwegen_20160831_094237.jpg\"\n                   data-thumbnail=\"http:\/\/blog.tido.world\/norwegen\/wp-uploads\/nggallery\/15\/nor-018-vestkapp\/cache\/blog_norwegen_20160831_094237.jpg-nggid03204-ngg0dyn-192x0-00f0w010c010r110f110r010t010.jpg\"\n                   data-image-id=\"204\"\n                   data-title=\"blog_norwegen_20160831_094237\"\n                   data-description=\"\"\n                   data-ngg-captions-nostylecopy=\"1\"\n                   class='nextgen_pro_lightbox' data-nplmodal-gallery-id='5311fb8e6de1cc869e031d51671ac293'>\n\t                <picture>\n\t\n<source srcset='http:\/\/blog.tido.world\/norwegen\/wp-uploads\/nggallery\/15\/nor-018-vestkapp\/cache\/blog_norwegen_20160831_094237.jpg-nggid03204-ngg0dyn-192x0-00f0w010c010r110f110r010t010.jpg' media=''>\n<img title=\"blog_norwegen_20160831_094237\" alt=\"blog_norwegen_20160831_094237\" width=\"192\" height=\"108\" style=\"max-width:192px;max-height:108px\" srcset=\"http:\/\/blog.tido.world\/norwegen\/wp-uploads\/nggallery\/15\/nor-018-vestkapp\/cache\/blog_norwegen_20160831_094237.jpg-nggid03204-ngg0dyn-192x0-00f0w010c010r110f110r010t010.jpg\"\/>\n<\/picture>                <\/a>\n            <\/div>\n                                    <div class='ngg-pro-masonry-item' style='height: 108px; max-width: 192px;'>\n                <a href=\"http:\/\/blog.tido.world\/norwegen\/wp-uploads\/nggallery\/15\/nor-018-vestkapp\/blog_norwegen_20160831_105333.jpg\"\n                   title=\"\"\n                   data-src=\"http:\/\/blog.tido.world\/norwegen\/wp-uploads\/nggallery\/15\/nor-018-vestkapp\/blog_norwegen_20160831_105333.jpg\"\n                   data-thumbnail=\"http:\/\/blog.tido.world\/norwegen\/wp-uploads\/nggallery\/15\/nor-018-vestkapp\/cache\/blog_norwegen_20160831_105333.jpg-nggid03206-ngg0dyn-192x0-00f0w010c010r110f110r010t010.jpg\"\n                   data-image-id=\"206\"\n                   data-title=\"blog_norwegen_20160831_105333\"\n                   data-description=\"\"\n                   data-ngg-captions-nostylecopy=\"1\"\n                   class='nextgen_pro_lightbox' data-nplmodal-gallery-id='5311fb8e6de1cc869e031d51671ac293'>\n\t                <picture>\n\t\n<source srcset='http:\/\/blog.tido.world\/norwegen\/wp-uploads\/nggallery\/15\/nor-018-vestkapp\/cache\/blog_norwegen_20160831_105333.jpg-nggid03206-ngg0dyn-192x0-00f0w010c010r110f110r010t010.jpg' media=''>\n<img title=\"blog_norwegen_20160831_105333\" alt=\"blog_norwegen_20160831_105333\" width=\"192\" height=\"108\" style=\"max-width:192px;max-height:108px\" srcset=\"http:\/\/blog.tido.world\/norwegen\/wp-uploads\/nggallery\/15\/nor-018-vestkapp\/cache\/blog_norwegen_20160831_105333.jpg-nggid03206-ngg0dyn-192x0-00f0w010c010r110f110r010t010.jpg\"\/>\n<\/picture>                <\/a>\n            <\/div>\n                            <\/div><\/p>\n<p id=\"post-subtitle\">Wir hauen ab in den Osten<\/p>\n<p><i class=\"fa fa-quote-left fa-2x fa-pull-left\"><\/i>Nach dem der Vormittag soweit ohne Niederschl\u00e4ge auskam, kamen einem die Wolken am fr\u00fchen Nachmittag wieder wortw\u00f6rtlich entgegen. Da nur Regen besser ist als Sturm und Regen waren wir nun wieder unterwegs ins Innland. Beim Blick durch das Fenster zogen Gegenden vorbei, die bei besseren Verh\u00e4ltnissen zweifelsohne unheimlich viel Potenzial haben. Wir waren heute dann aber schon ein bisschen gefrustet und wollten uns ein nettes ruhiges Fleckchen irgendwo hoch oben suchen und dort einfach warten. Als gute Ausgangsposition f\u00fcr fortfolgende Ziele bot sich da das recht zentralgelegene Strynefjell an. Dazu kam noch der Umstand, dass die Stra\u00dfe dort, der sogenannte <a href=\"https:\/\/de.wikipedia.org\/wiki\/Gamle_Strynefjellsvegen\" target=\"_blank\">Gamle Strynefjellsvegen <i class=\"fa fa-external-link\"><\/i><\/a>, vermutlich wenig befahren sein w\u00fcrde, da es eine gro\u00dfe Umgehungsstra\u00dfe gibt.<br \/>\nSchon nach dem Verlassen der gro\u00dfen Stra\u00dfe, auf den ersten Metern des gewundenen Weges, f\u00fchlten wir uns gleich irgendwie wohler. Keine gro\u00dfen Reisebusse, keine 40-Tonner, einfach nur Landschaft. Auf dem Strynefjell selbst war es wenig komplitziert, einen guten Stellplatz zu finden. Motor aus, eine Tasse warmer Tee, Abschalten und Abh\u00e4ngen. Mehr sollte heute nicht mehr passieren.<\/p>\n<p><div class=\"nextgen_pro_blog_gallery\" id=\"displayed_gallery_26200eda8dd815b661960f3a594db896\">\n            <div id=\"ngg-image-displayed_gallery_26200eda8dd815b661960f3a594db896-0\" class=\"image-wrapper\" style=\"width: 800px\">\n                                    <a href=\"http:\/\/blog.tido.world\/norwegen\/wp-uploads\/nggallery\/15\/nor-018-zum-strynefjell\/blog_norwegen_20160831_152924.jpg\"\n               title=\"\"\n               data-src=\"http:\/\/blog.tido.world\/norwegen\/wp-uploads\/nggallery\/15\/nor-018-zum-strynefjell\/blog_norwegen_20160831_152924.jpg\"\n               data-thumbnail=\"http:\/\/blog.tido.world\/norwegen\/wp-uploads\/nggallery\/15\/nor-018-zum-strynefjell\/thumbs\/thumbs_blog_norwegen_20160831_152924.jpg\"\n               data-image-id=\"208\"\n               data-title=\"blog_norwegen_20160831_152924\"\n               data-description=\"\"\n               class='nextgen_pro_lightbox' data-nplmodal-gallery-id='26200eda8dd815b661960f3a594db896'>\n                <picture>\n\t\n<source srcset='http:\/\/blog.tido.world\/norwegen\/wp-uploads\/nggallery\/15\/nor-018-zum-strynefjell\/blog_norwegen_20160831_152924.jpg' media=''>\n<img width=\"800\" title=\"blog_norwegen_20160831_152924\" alt=\"blog_norwegen_20160831_152924\" style=\"max-width:800px;max-height:px\" srcset=\"http:\/\/blog.tido.world\/norwegen\/wp-uploads\/nggallery\/15\/nor-018-zum-strynefjell\/blog_norwegen_20160831_152924.jpg\"\/>\n<\/picture>            <\/a>\n                                <\/div>\n        <div class=\"ngg-clear\"><\/div>\n        <\/div>\n<style type='text\/css'>\n    #ngg-gallery-0da8134aa5eab94150babbab97c77772 .ngg-pro-masonry-item {\n        margin-bottom: 12px;\n    }\n<\/style>\n<div class=\"ngg-pro-masonry\" id=\"ngg-gallery-0da8134aa5eab94150babbab97c77772\">\n    <div class='ngg-pro-masonry-gutter' style='width: 12px'><\/div>\n    <div class='ngg-pro-masonry-sizer' style='width: 192px'><\/div>\n                <div class='ngg-pro-masonry-item' style='height: 288px; max-width: 192px;'>\n                <a href=\"http:\/\/blog.tido.world\/norwegen\/wp-uploads\/nggallery\/15\/nor-018-zum-strynefjell\/blog_norwegen_20160831_145007.jpg\"\n                   title=\"\"\n                   data-src=\"http:\/\/blog.tido.world\/norwegen\/wp-uploads\/nggallery\/15\/nor-018-zum-strynefjell\/blog_norwegen_20160831_145007.jpg\"\n                   data-thumbnail=\"http:\/\/blog.tido.world\/norwegen\/wp-uploads\/nggallery\/15\/nor-018-zum-strynefjell\/cache\/blog_norwegen_20160831_145007.jpg-nggid03207-ngg0dyn-192x0-00f0w010c010r110f110r010t010.jpg\"\n                   data-image-id=\"207\"\n                   data-title=\"blog_norwegen_20160831_145007\"\n                   data-description=\"\"\n                   data-ngg-captions-nostylecopy=\"1\"\n                   class='nextgen_pro_lightbox' data-nplmodal-gallery-id='0da8134aa5eab94150babbab97c77772'>\n\t                <picture>\n\t\n<source srcset='http:\/\/blog.tido.world\/norwegen\/wp-uploads\/nggallery\/15\/nor-018-zum-strynefjell\/cache\/blog_norwegen_20160831_145007.jpg-nggid03207-ngg0dyn-192x0-00f0w010c010r110f110r010t010.jpg' media=''>\n<img title=\"blog_norwegen_20160831_145007\" alt=\"blog_norwegen_20160831_145007\" width=\"192\" height=\"288\" style=\"max-width:192px;max-height:288px\" srcset=\"http:\/\/blog.tido.world\/norwegen\/wp-uploads\/nggallery\/15\/nor-018-zum-strynefjell\/cache\/blog_norwegen_20160831_145007.jpg-nggid03207-ngg0dyn-192x0-00f0w010c010r110f110r010t010.jpg\"\/>\n<\/picture>                <\/a>\n            <\/div>\n                                    <div class='ngg-pro-masonry-item' style='height: 128px; max-width: 192px;'>\n                <a href=\"http:\/\/blog.tido.world\/norwegen\/wp-uploads\/nggallery\/15\/nor-018-zum-strynefjell\/blog_norwegen_20160831_134541.jpg\"\n                   title=\"\"\n                   data-src=\"http:\/\/blog.tido.world\/norwegen\/wp-uploads\/nggallery\/15\/nor-018-zum-strynefjell\/blog_norwegen_20160831_134541.jpg\"\n                   data-thumbnail=\"http:\/\/blog.tido.world\/norwegen\/wp-uploads\/nggallery\/15\/nor-018-zum-strynefjell\/cache\/blog_norwegen_20160831_134541.jpg-nggid03210-ngg0dyn-192x0-00f0w010c010r110f110r010t010.jpg\"\n                   data-image-id=\"210\"\n                   data-title=\"blog_norwegen_20160831_134541\"\n                   data-description=\"\"\n                   data-ngg-captions-nostylecopy=\"1\"\n                   class='nextgen_pro_lightbox' data-nplmodal-gallery-id='0da8134aa5eab94150babbab97c77772'>\n\t                <picture>\n\t\n<source srcset='http:\/\/blog.tido.world\/norwegen\/wp-uploads\/nggallery\/15\/nor-018-zum-strynefjell\/cache\/blog_norwegen_20160831_134541.jpg-nggid03210-ngg0dyn-192x0-00f0w010c010r110f110r010t010.jpg' media=''>\n<img title=\"blog_norwegen_20160831_134541\" alt=\"blog_norwegen_20160831_134541\" width=\"192\" height=\"128\" style=\"max-width:192px;max-height:128px\" srcset=\"http:\/\/blog.tido.world\/norwegen\/wp-uploads\/nggallery\/15\/nor-018-zum-strynefjell\/cache\/blog_norwegen_20160831_134541.jpg-nggid03210-ngg0dyn-192x0-00f0w010c010r110f110r010t010.jpg\"\/>\n<\/picture>                <\/a>\n            <\/div>\n                                    <div class='ngg-pro-masonry-item' style='height: 128px; max-width: 192px;'>\n                <a href=\"http:\/\/blog.tido.world\/norwegen\/wp-uploads\/nggallery\/15\/nor-018-zum-strynefjell\/blog_norwegen_20160831_154156.jpg\"\n                   title=\"\"\n                   data-src=\"http:\/\/blog.tido.world\/norwegen\/wp-uploads\/nggallery\/15\/nor-018-zum-strynefjell\/blog_norwegen_20160831_154156.jpg\"\n                   data-thumbnail=\"http:\/\/blog.tido.world\/norwegen\/wp-uploads\/nggallery\/15\/nor-018-zum-strynefjell\/cache\/blog_norwegen_20160831_154156.jpg-nggid03209-ngg0dyn-192x0-00f0w010c010r110f110r010t010.jpg\"\n                   data-image-id=\"209\"\n                   data-title=\"blog_norwegen_20160831_154156\"\n                   data-description=\"\"\n                   data-ngg-captions-nostylecopy=\"1\"\n                   class='nextgen_pro_lightbox' data-nplmodal-gallery-id='0da8134aa5eab94150babbab97c77772'>\n\t                <picture>\n\t\n<source srcset='http:\/\/blog.tido.world\/norwegen\/wp-uploads\/nggallery\/15\/nor-018-zum-strynefjell\/cache\/blog_norwegen_20160831_154156.jpg-nggid03209-ngg0dyn-192x0-00f0w010c010r110f110r010t010.jpg' media=''>\n<img title=\"blog_norwegen_20160831_154156\" alt=\"blog_norwegen_20160831_154156\" width=\"192\" height=\"128\" style=\"max-width:192px;max-height:128px\" srcset=\"http:\/\/blog.tido.world\/norwegen\/wp-uploads\/nggallery\/15\/nor-018-zum-strynefjell\/cache\/blog_norwegen_20160831_154156.jpg-nggid03209-ngg0dyn-192x0-00f0w010c010r110f110r010t010.jpg\"\/>\n<\/picture>                <\/a>\n            <\/div>\n                                    <div class='ngg-pro-masonry-item' style='height: 128px; max-width: 192px;'>\n                <a href=\"http:\/\/blog.tido.world\/norwegen\/wp-uploads\/nggallery\/15\/nor-018-zum-strynefjell\/blog_norwegen_20160831_154544.jpg\"\n                   title=\"\"\n                   data-src=\"http:\/\/blog.tido.world\/norwegen\/wp-uploads\/nggallery\/15\/nor-018-zum-strynefjell\/blog_norwegen_20160831_154544.jpg\"\n                   data-thumbnail=\"http:\/\/blog.tido.world\/norwegen\/wp-uploads\/nggallery\/15\/nor-018-zum-strynefjell\/cache\/blog_norwegen_20160831_154544.jpg-nggid03212-ngg0dyn-192x0-00f0w010c010r110f110r010t010.jpg\"\n                   data-image-id=\"212\"\n                   data-title=\"blog_norwegen_20160831_154544\"\n                   data-description=\"\"\n                   data-ngg-captions-nostylecopy=\"1\"\n                   class='nextgen_pro_lightbox' data-nplmodal-gallery-id='0da8134aa5eab94150babbab97c77772'>\n\t                <picture>\n\t\n<source srcset='http:\/\/blog.tido.world\/norwegen\/wp-uploads\/nggallery\/15\/nor-018-zum-strynefjell\/cache\/blog_norwegen_20160831_154544.jpg-nggid03212-ngg0dyn-192x0-00f0w010c010r110f110r010t010.jpg' media=''>\n<img title=\"blog_norwegen_20160831_154544\" alt=\"blog_norwegen_20160831_154544\" width=\"192\" height=\"128\" style=\"max-width:192px;max-height:128px\" srcset=\"http:\/\/blog.tido.world\/norwegen\/wp-uploads\/nggallery\/15\/nor-018-zum-strynefjell\/cache\/blog_norwegen_20160831_154544.jpg-nggid03212-ngg0dyn-192x0-00f0w010c010r110f110r010t010.jpg\"\/>\n<\/picture>                <\/a>\n            <\/div>\n                                    <div class='ngg-pro-masonry-item' style='height: 64px; max-width: 192px;'>\n                <a href=\"http:\/\/blog.tido.world\/norwegen\/wp-uploads\/nggallery\/15\/nor-018-zum-strynefjell\/blog_norwegen_20160831_152558.jpg\"\n                   title=\"\"\n                   data-src=\"http:\/\/blog.tido.world\/norwegen\/wp-uploads\/nggallery\/15\/nor-018-zum-strynefjell\/blog_norwegen_20160831_152558.jpg\"\n                   data-thumbnail=\"http:\/\/blog.tido.world\/norwegen\/wp-uploads\/nggallery\/15\/nor-018-zum-strynefjell\/cache\/blog_norwegen_20160831_152558.jpg-nggid03211-ngg0dyn-192x0-00f0w010c010r110f110r010t010.jpg\"\n                   data-image-id=\"211\"\n                   data-title=\"blog_norwegen_20160831_152558\"\n                   data-description=\"\"\n                   data-ngg-captions-nostylecopy=\"1\"\n                   class='nextgen_pro_lightbox' data-nplmodal-gallery-id='0da8134aa5eab94150babbab97c77772'>\n\t                <picture>\n\t\n<source srcset='http:\/\/blog.tido.world\/norwegen\/wp-uploads\/nggallery\/15\/nor-018-zum-strynefjell\/cache\/blog_norwegen_20160831_152558.jpg-nggid03211-ngg0dyn-192x0-00f0w010c010r110f110r010t010.jpg' media=''>\n<img title=\"blog_norwegen_20160831_152558\" alt=\"blog_norwegen_20160831_152558\" width=\"192\" height=\"64\" style=\"max-width:192px;max-height:64px\" srcset=\"http:\/\/blog.tido.world\/norwegen\/wp-uploads\/nggallery\/15\/nor-018-zum-strynefjell\/cache\/blog_norwegen_20160831_152558.jpg-nggid03211-ngg0dyn-192x0-00f0w010c010r110f110r010t010.jpg\"\/>\n<\/picture>                <\/a>\n            <\/div>\n                            <\/div><\/p>\n","protected":false},"excerpt":{"rendered":"<p>Vestkapp, der zweite Versuch Nach einer doch recht st\u00fcrmischen Nacht, die wir sicherheitshalber nicht unter aufgestelltem Dach, sondern im Auto verbrachten, war es morgens zumindest von oben trocken. Heute konnten wir auf der erneuten Auffahrt zum Kap sogar sehen wohin es geht. Oben angekommen war nun auch das markannte Geb\u00e4ude des meteorologischen Instituts zu sehen [&hellip;]<\/p>\n","protected":false},"author":1,"featured_media":0,"comment_status":"open","ping_status":"open","sticky":false,"template":"","format":"standard","meta":{"ngg_post_thumbnail":0,"footnotes":""},"categories":[1],"tags":[],"class_list":["post-708","post","type-post","status-publish","format-standard","hentry","category-allgemein"],"_links":{"self":[{"href":"http:\/\/blog.tido.world\/norwegen\/wp-json\/wp\/v2\/posts\/708","targetHints":{"allow":["GET"]}}],"collection":[{"href":"http:\/\/blog.tido.world\/norwegen\/wp-json\/wp\/v2\/posts"}],"about":[{"href":"http:\/\/blog.tido.world\/norwegen\/wp-json\/wp\/v2\/types\/post"}],"author":[{"embeddable":true,"href":"http:\/\/blog.tido.world\/norwegen\/wp-json\/wp\/v2\/users\/1"}],"replies":[{"embeddable":true,"href":"http:\/\/blog.tido.world\/norwegen\/wp-json\/wp\/v2\/comments?post=708"}],"version-history":[{"count":0,"href":"http:\/\/blog.tido.world\/norwegen\/wp-json\/wp\/v2\/posts\/708\/revisions"}],"wp:attachment":[{"href":"http:\/\/blog.tido.world\/norwegen\/wp-json\/wp\/v2\/media?parent=708"}],"wp:term":[{"taxonomy":"category","embeddable":true,"href":"http:\/\/blog.tido.world\/norwegen\/wp-json\/wp\/v2\/categories?post=708"},{"taxonomy":"post_tag","embeddable":true,"href":"http:\/\/blog.tido.world\/norwegen\/wp-json\/wp\/v2\/tags?post=708"}],"curies":[{"name":"wp","href":"https:\/\/api.w.org\/{rel}","templated":true}]}}