{"id":38,"date":"2013-03-29T22:45:34","date_gmt":"2013-03-29T21:45:34","guid":{"rendered":"http:\/\/blog.tido.world\/paris\/?p=38"},"modified":"2015-11-21T18:31:58","modified_gmt":"2015-11-21T17:31:58","slug":"fast-ganz-hoch-hinaus","status":"publish","type":"post","link":"http:\/\/blog.tido.world\/paris\/2013\/03\/29\/fast-ganz-hoch-hinaus\/","title":{"rendered":"Fast &#8230; ganz hoch hinaus"},"content":{"rendered":"<p><i class=\"fa fa-quote-left fa-2x fa-pull-left\"><\/i>Nun hatten wir die Unternehmung &#8222;auf den Eiffelturm&#8220; schon so viele Tage aufgeschoben und hatten nur noch heute und morgen Gelegenheut dazu. Der allmorgentliche Blick zum Himmel nahm uns nun die Entscheidung ab: heute!<br \/>\nZwar war es wieder etwas diesig, aber die Sonne schien und so reihten wir uns ein weiteres mal in eine der sehr internationalen pariser Touristenschlagen ein. Am Eiffelturm gibt es derer gleich drei. Jeweils eine an den zwei Pfeilern, in denen die Fahrst\u00fchle fahren, und eine f\u00fcr den Treppenaufgang.<\/p>\n<p>Letztere war nat\u00fcrlich die k\u00fcrzeste, um aber dem ganzen dennoch eine Spur Urlaub zu verleihen, wollten wir uns nat\u00fcrlich eine Fahrstuhlfahrt g\u00f6nnen. Wir kamen nun von der Metrostation zum Turm und stellten uns zun\u00e4chst einfach mal hinten an. Allerdings f\u00fchlte ich mich nicht wohl dabei, ohne zumindest mal die L\u00e4nge der anderen, zweiten Schlange zu \u00fcberpr\u00fcfen. Doreen hielt also Position, w\u00e4hrend ich versuchte, mir einen \u00dcberblick zu verschaffen. Und tats\u00e4chlich, die andere Schlange erschien mir k\u00fcrzer und dar\u00fcberhinaus verlief diese auch nicht im Schatten, sondern in der warmen Sonne. Ich stellte mich also an und versuchte Doreen auf dem Handy zu erreichen. Vergebens. Es ging gut voran und nat\u00fcrlich wollte ich meine aussichtsreiche Position nicht aufgeben, aber Doreen war einfach nicht zu erreichen. So fragte ich das streitende deutsche P\u00e4erchen, welches sich hintermir eingereiht hatte, ob sie mich wieder vorlassen w\u00fcrden, wenn ich denn meine &#8222;verschollene&#8220; Freundin zeitnah finde. Sie meinten ja und so holte ich Doreen auf die Sonnenseite der wartenden Massen.<\/p>\n<p>Etwa eineinhalb Stunden sp\u00e4ter, die aber gef\u00fchlt recht schnell vergingen, kamen wir an der Kasse an. Kurz vorher verrieten die gro\u00dfen Anzeigetafel jedoch, dass es vor\u00fcbergehend nicht m\u00f6glich ist, bis ganz nach oben zu fahren, da die Anzahl an zugelassenen Personen erreicht sei. Schade, aber naja &#8230; so konnten wir also &#8222;nur&#8220; bis zur mittleren Plattform fahren.<br \/>\nVon hier hatte man schon einen tollen Rundumblick, auch wenn man jetzt erst wirklich merkte, wieviel Dunst trotz, oder eben wegen des sonnigen Wetters wirklich in der Luft hing. Ein Horizont war praktisch nicht zu sehen, der Himmel ging flie\u00dfend in die verschwommene &#8222;Skyline&#8220; der Stadt \u00fcber. Aus dem grund war es auch nur noch halb so schlimm, dass wir nicht bis ganz nach oben kamen. Entsprechend stressfrei konnten wir uns umschauen, w\u00e4hrend viele andere an den Kassen Vorort warteten, dass wieder Tickets f\u00fcr &#8222;the Top&#8220; zu haben waren.<\/p>\n<style type='text\/css'>\n    #ngg-gallery-dffa84546452c72e7bdae82b53562cbc .ngg-pro-masonry-item {\n        margin-bottom: 12px;\n    }\n<\/style>\n<div class=\"ngg-pro-masonry\" id=\"ngg-gallery-dffa84546452c72e7bdae82b53562cbc\">\n    <div class='ngg-pro-masonry-gutter' style='width: 12px'><\/div>\n    <div class='ngg-pro-masonry-sizer' style='width: 141px'><\/div>\n                <div class='ngg-pro-masonry-item' style='height: 212px; max-width: 141px;'>\n                <a href=\"http:\/\/blog.tido.world\/paris\/wp-uploads\/nggallery\/10\/par-012-auf-dem-eiffelturm\/blog_paris_20130329_104012.jpg\"\n                   title=\"\"\n                   data-src=\"http:\/\/blog.tido.world\/paris\/wp-uploads\/nggallery\/10\/par-012-auf-dem-eiffelturm\/blog_paris_20130329_104012.jpg\"\n                   data-thumbnail=\"http:\/\/blog.tido.world\/paris\/wp-uploads\/nggallery\/10\/par-012-auf-dem-eiffelturm\/cache\/blog_paris_20130329_104012.jpg-nggid03259-ngg0dyn-141x0-00f0w010c010r110f110r010t010.jpg\"\n                   data-image-id=\"259\"\n                   data-title=\"blog_paris_20130329_104012\"\n                   data-description=\"\"\n                   data-ngg-captions-nostylecopy=\"1\"\n                   class='nextgen_pro_lightbox' data-nplmodal-gallery-id='dffa84546452c72e7bdae82b53562cbc'>\n\t                <picture>\n\t\n<source srcset='http:\/\/blog.tido.world\/paris\/wp-uploads\/nggallery\/10\/par-012-auf-dem-eiffelturm\/cache\/blog_paris_20130329_104012.jpg-nggid03259-ngg0dyn-141x0-00f0w010c010r110f110r010t010.jpg' media=''>\n<img title=\"blog_paris_20130329_104012\" alt=\"blog_paris_20130329_104012\" width=\"141\" height=\"212\" style=\"max-width:141px;max-height:212px\" srcset=\"http:\/\/blog.tido.world\/paris\/wp-uploads\/nggallery\/10\/par-012-auf-dem-eiffelturm\/cache\/blog_paris_20130329_104012.jpg-nggid03259-ngg0dyn-141x0-00f0w010c010r110f110r010t010.jpg\"\/>\n<\/picture>                <\/a>\n            <\/div>\n                                    <div class='ngg-pro-masonry-item' style='height: 212px; max-width: 141px;'>\n                <a href=\"http:\/\/blog.tido.world\/paris\/wp-uploads\/nggallery\/10\/par-012-auf-dem-eiffelturm\/blog_paris_20130329_114624.jpg\"\n                   title=\"\"\n                   data-src=\"http:\/\/blog.tido.world\/paris\/wp-uploads\/nggallery\/10\/par-012-auf-dem-eiffelturm\/blog_paris_20130329_114624.jpg\"\n                   data-thumbnail=\"http:\/\/blog.tido.world\/paris\/wp-uploads\/nggallery\/10\/par-012-auf-dem-eiffelturm\/cache\/blog_paris_20130329_114624.jpg-nggid03260-ngg0dyn-141x0-00f0w010c010r110f110r010t010.jpg\"\n                   data-image-id=\"260\"\n                   data-title=\"blog_paris_20130329_114624\"\n                   data-description=\"\"\n                   data-ngg-captions-nostylecopy=\"1\"\n                   class='nextgen_pro_lightbox' data-nplmodal-gallery-id='dffa84546452c72e7bdae82b53562cbc'>\n\t                <picture>\n\t\n<source srcset='http:\/\/blog.tido.world\/paris\/wp-uploads\/nggallery\/10\/par-012-auf-dem-eiffelturm\/cache\/blog_paris_20130329_114624.jpg-nggid03260-ngg0dyn-141x0-00f0w010c010r110f110r010t010.jpg' media=''>\n<img title=\"blog_paris_20130329_114624\" alt=\"blog_paris_20130329_114624\" width=\"141\" height=\"212\" style=\"max-width:141px;max-height:212px\" srcset=\"http:\/\/blog.tido.world\/paris\/wp-uploads\/nggallery\/10\/par-012-auf-dem-eiffelturm\/cache\/blog_paris_20130329_114624.jpg-nggid03260-ngg0dyn-141x0-00f0w010c010r110f110r010t010.jpg\"\/>\n<\/picture>                <\/a>\n            <\/div>\n                                    <div class='ngg-pro-masonry-item' style='height: 212px; max-width: 141px;'>\n                <a href=\"http:\/\/blog.tido.world\/paris\/wp-uploads\/nggallery\/10\/par-012-auf-dem-eiffelturm\/blog_paris_20130329_115542.jpg\"\n                   title=\"\"\n                   data-src=\"http:\/\/blog.tido.world\/paris\/wp-uploads\/nggallery\/10\/par-012-auf-dem-eiffelturm\/blog_paris_20130329_115542.jpg\"\n                   data-thumbnail=\"http:\/\/blog.tido.world\/paris\/wp-uploads\/nggallery\/10\/par-012-auf-dem-eiffelturm\/cache\/blog_paris_20130329_115542.jpg-nggid03261-ngg0dyn-141x0-00f0w010c010r110f110r010t010.jpg\"\n                   data-image-id=\"261\"\n                   data-title=\"blog_paris_20130329_115542\"\n                   data-description=\"\"\n                   data-ngg-captions-nostylecopy=\"1\"\n                   class='nextgen_pro_lightbox' data-nplmodal-gallery-id='dffa84546452c72e7bdae82b53562cbc'>\n\t                <picture>\n\t\n<source srcset='http:\/\/blog.tido.world\/paris\/wp-uploads\/nggallery\/10\/par-012-auf-dem-eiffelturm\/cache\/blog_paris_20130329_115542.jpg-nggid03261-ngg0dyn-141x0-00f0w010c010r110f110r010t010.jpg' media=''>\n<img title=\"blog_paris_20130329_115542\" alt=\"blog_paris_20130329_115542\" width=\"141\" height=\"212\" style=\"max-width:141px;max-height:212px\" srcset=\"http:\/\/blog.tido.world\/paris\/wp-uploads\/nggallery\/10\/par-012-auf-dem-eiffelturm\/cache\/blog_paris_20130329_115542.jpg-nggid03261-ngg0dyn-141x0-00f0w010c010r110f110r010t010.jpg\"\/>\n<\/picture>                <\/a>\n            <\/div>\n                                    <div class='ngg-pro-masonry-item' style='height: 212px; max-width: 141px;'>\n                <a href=\"http:\/\/blog.tido.world\/paris\/wp-uploads\/nggallery\/10\/par-012-auf-dem-eiffelturm\/blog_paris_20130329_121704.jpg\"\n                   title=\"\"\n                   data-src=\"http:\/\/blog.tido.world\/paris\/wp-uploads\/nggallery\/10\/par-012-auf-dem-eiffelturm\/blog_paris_20130329_121704.jpg\"\n                   data-thumbnail=\"http:\/\/blog.tido.world\/paris\/wp-uploads\/nggallery\/10\/par-012-auf-dem-eiffelturm\/cache\/blog_paris_20130329_121704.jpg-nggid03262-ngg0dyn-141x0-00f0w010c010r110f110r010t010.jpg\"\n                   data-image-id=\"262\"\n                   data-title=\"blog_paris_20130329_121704\"\n                   data-description=\"\"\n                   data-ngg-captions-nostylecopy=\"1\"\n                   class='nextgen_pro_lightbox' data-nplmodal-gallery-id='dffa84546452c72e7bdae82b53562cbc'>\n\t                <picture>\n\t\n<source srcset='http:\/\/blog.tido.world\/paris\/wp-uploads\/nggallery\/10\/par-012-auf-dem-eiffelturm\/cache\/blog_paris_20130329_121704.jpg-nggid03262-ngg0dyn-141x0-00f0w010c010r110f110r010t010.jpg' media=''>\n<img title=\"blog_paris_20130329_121704\" alt=\"blog_paris_20130329_121704\" width=\"141\" height=\"212\" style=\"max-width:141px;max-height:212px\" srcset=\"http:\/\/blog.tido.world\/paris\/wp-uploads\/nggallery\/10\/par-012-auf-dem-eiffelturm\/cache\/blog_paris_20130329_121704.jpg-nggid03262-ngg0dyn-141x0-00f0w010c010r110f110r010t010.jpg\"\/>\n<\/picture>                <\/a>\n            <\/div>\n                                    <div class='ngg-pro-masonry-item' style='height: 212px; max-width: 141px;'>\n                <a href=\"http:\/\/blog.tido.world\/paris\/wp-uploads\/nggallery\/10\/par-012-auf-dem-eiffelturm\/blog_paris_20130329_122339.jpg\"\n                   title=\"\"\n                   data-src=\"http:\/\/blog.tido.world\/paris\/wp-uploads\/nggallery\/10\/par-012-auf-dem-eiffelturm\/blog_paris_20130329_122339.jpg\"\n                   data-thumbnail=\"http:\/\/blog.tido.world\/paris\/wp-uploads\/nggallery\/10\/par-012-auf-dem-eiffelturm\/cache\/blog_paris_20130329_122339.jpg-nggid03264-ngg0dyn-141x0-00f0w010c010r110f110r010t010.jpg\"\n                   data-image-id=\"264\"\n                   data-title=\"blog_paris_20130329_122339\"\n                   data-description=\"\"\n                   data-ngg-captions-nostylecopy=\"1\"\n                   class='nextgen_pro_lightbox' data-nplmodal-gallery-id='dffa84546452c72e7bdae82b53562cbc'>\n\t                <picture>\n\t\n<source srcset='http:\/\/blog.tido.world\/paris\/wp-uploads\/nggallery\/10\/par-012-auf-dem-eiffelturm\/cache\/blog_paris_20130329_122339.jpg-nggid03264-ngg0dyn-141x0-00f0w010c010r110f110r010t010.jpg' media=''>\n<img title=\"blog_paris_20130329_122339\" alt=\"blog_paris_20130329_122339\" width=\"141\" height=\"212\" style=\"max-width:141px;max-height:212px\" srcset=\"http:\/\/blog.tido.world\/paris\/wp-uploads\/nggallery\/10\/par-012-auf-dem-eiffelturm\/cache\/blog_paris_20130329_122339.jpg-nggid03264-ngg0dyn-141x0-00f0w010c010r110f110r010t010.jpg\"\/>\n<\/picture>                <\/a>\n            <\/div>\n                                    <div class='ngg-pro-masonry-item' style='height: 106px; max-width: 141px;'>\n                <a href=\"http:\/\/blog.tido.world\/paris\/wp-uploads\/nggallery\/10\/par-012-auf-dem-eiffelturm\/blog_paris_20130329_122459.jpg\"\n                   title=\"\"\n                   data-src=\"http:\/\/blog.tido.world\/paris\/wp-uploads\/nggallery\/10\/par-012-auf-dem-eiffelturm\/blog_paris_20130329_122459.jpg\"\n                   data-thumbnail=\"http:\/\/blog.tido.world\/paris\/wp-uploads\/nggallery\/10\/par-012-auf-dem-eiffelturm\/cache\/blog_paris_20130329_122459.jpg-nggid03265-ngg0dyn-141x0-00f0w010c010r110f110r010t010.jpg\"\n                   data-image-id=\"265\"\n                   data-title=\"blog_paris_20130329_122459\"\n                   data-description=\"\"\n                   data-ngg-captions-nostylecopy=\"1\"\n                   class='nextgen_pro_lightbox' data-nplmodal-gallery-id='dffa84546452c72e7bdae82b53562cbc'>\n\t                <picture>\n\t\n<source srcset='http:\/\/blog.tido.world\/paris\/wp-uploads\/nggallery\/10\/par-012-auf-dem-eiffelturm\/cache\/blog_paris_20130329_122459.jpg-nggid03265-ngg0dyn-141x0-00f0w010c010r110f110r010t010.jpg' media=''>\n<img title=\"blog_paris_20130329_122459\" alt=\"blog_paris_20130329_122459\" width=\"141\" height=\"106\" style=\"max-width:141px;max-height:106px\" srcset=\"http:\/\/blog.tido.world\/paris\/wp-uploads\/nggallery\/10\/par-012-auf-dem-eiffelturm\/cache\/blog_paris_20130329_122459.jpg-nggid03265-ngg0dyn-141x0-00f0w010c010r110f110r010t010.jpg\"\/>\n<\/picture>                <\/a>\n            <\/div>\n                                    <div class='ngg-pro-masonry-item' style='height: 212px; max-width: 141px;'>\n                <a href=\"http:\/\/blog.tido.world\/paris\/wp-uploads\/nggallery\/10\/par-012-auf-dem-eiffelturm\/blog_paris_20130329_122603.jpg\"\n                   title=\"\"\n                   data-src=\"http:\/\/blog.tido.world\/paris\/wp-uploads\/nggallery\/10\/par-012-auf-dem-eiffelturm\/blog_paris_20130329_122603.jpg\"\n                   data-thumbnail=\"http:\/\/blog.tido.world\/paris\/wp-uploads\/nggallery\/10\/par-012-auf-dem-eiffelturm\/cache\/blog_paris_20130329_122603.jpg-nggid03266-ngg0dyn-141x0-00f0w010c010r110f110r010t010.jpg\"\n                   data-image-id=\"266\"\n                   data-title=\"blog_paris_20130329_122603\"\n                   data-description=\"\"\n                   data-ngg-captions-nostylecopy=\"1\"\n                   class='nextgen_pro_lightbox' data-nplmodal-gallery-id='dffa84546452c72e7bdae82b53562cbc'>\n\t                <picture>\n\t\n<source srcset='http:\/\/blog.tido.world\/paris\/wp-uploads\/nggallery\/10\/par-012-auf-dem-eiffelturm\/cache\/blog_paris_20130329_122603.jpg-nggid03266-ngg0dyn-141x0-00f0w010c010r110f110r010t010.jpg' media=''>\n<img title=\"blog_paris_20130329_122603\" alt=\"blog_paris_20130329_122603\" width=\"141\" height=\"212\" style=\"max-width:141px;max-height:212px\" srcset=\"http:\/\/blog.tido.world\/paris\/wp-uploads\/nggallery\/10\/par-012-auf-dem-eiffelturm\/cache\/blog_paris_20130329_122603.jpg-nggid03266-ngg0dyn-141x0-00f0w010c010r110f110r010t010.jpg\"\/>\n<\/picture>                <\/a>\n            <\/div>\n                                    <div class='ngg-pro-masonry-item' style='height: 212px; max-width: 141px;'>\n                <a href=\"http:\/\/blog.tido.world\/paris\/wp-uploads\/nggallery\/10\/par-012-auf-dem-eiffelturm\/blog_paris_20130329_122850.jpg\"\n                   title=\"\"\n                   data-src=\"http:\/\/blog.tido.world\/paris\/wp-uploads\/nggallery\/10\/par-012-auf-dem-eiffelturm\/blog_paris_20130329_122850.jpg\"\n                   data-thumbnail=\"http:\/\/blog.tido.world\/paris\/wp-uploads\/nggallery\/10\/par-012-auf-dem-eiffelturm\/cache\/blog_paris_20130329_122850.jpg-nggid03267-ngg0dyn-141x0-00f0w010c010r110f110r010t010.jpg\"\n                   data-image-id=\"267\"\n                   data-title=\"blog_paris_20130329_122850\"\n                   data-description=\"\"\n                   data-ngg-captions-nostylecopy=\"1\"\n                   class='nextgen_pro_lightbox' data-nplmodal-gallery-id='dffa84546452c72e7bdae82b53562cbc'>\n\t                <picture>\n\t\n<source srcset='http:\/\/blog.tido.world\/paris\/wp-uploads\/nggallery\/10\/par-012-auf-dem-eiffelturm\/cache\/blog_paris_20130329_122850.jpg-nggid03267-ngg0dyn-141x0-00f0w010c010r110f110r010t010.jpg' media=''>\n<img title=\"blog_paris_20130329_122850\" alt=\"blog_paris_20130329_122850\" width=\"141\" height=\"212\" style=\"max-width:141px;max-height:212px\" srcset=\"http:\/\/blog.tido.world\/paris\/wp-uploads\/nggallery\/10\/par-012-auf-dem-eiffelturm\/cache\/blog_paris_20130329_122850.jpg-nggid03267-ngg0dyn-141x0-00f0w010c010r110f110r010t010.jpg\"\/>\n<\/picture>                <\/a>\n            <\/div>\n                                    <div class='ngg-pro-masonry-item' style='height: 212px; max-width: 141px;'>\n                <a href=\"http:\/\/blog.tido.world\/paris\/wp-uploads\/nggallery\/10\/par-012-auf-dem-eiffelturm\/blog_paris_20130329_124300.jpg\"\n                   title=\"\"\n                   data-src=\"http:\/\/blog.tido.world\/paris\/wp-uploads\/nggallery\/10\/par-012-auf-dem-eiffelturm\/blog_paris_20130329_124300.jpg\"\n                   data-thumbnail=\"http:\/\/blog.tido.world\/paris\/wp-uploads\/nggallery\/10\/par-012-auf-dem-eiffelturm\/cache\/blog_paris_20130329_124300.jpg-nggid03268-ngg0dyn-141x0-00f0w010c010r110f110r010t010.jpg\"\n                   data-image-id=\"268\"\n                   data-title=\"blog_paris_20130329_124300\"\n                   data-description=\"\"\n                   data-ngg-captions-nostylecopy=\"1\"\n                   class='nextgen_pro_lightbox' data-nplmodal-gallery-id='dffa84546452c72e7bdae82b53562cbc'>\n\t                <picture>\n\t\n<source srcset='http:\/\/blog.tido.world\/paris\/wp-uploads\/nggallery\/10\/par-012-auf-dem-eiffelturm\/cache\/blog_paris_20130329_124300.jpg-nggid03268-ngg0dyn-141x0-00f0w010c010r110f110r010t010.jpg' media=''>\n<img title=\"blog_paris_20130329_124300\" alt=\"blog_paris_20130329_124300\" width=\"141\" height=\"212\" style=\"max-width:141px;max-height:212px\" srcset=\"http:\/\/blog.tido.world\/paris\/wp-uploads\/nggallery\/10\/par-012-auf-dem-eiffelturm\/cache\/blog_paris_20130329_124300.jpg-nggid03268-ngg0dyn-141x0-00f0w010c010r110f110r010t010.jpg\"\/>\n<\/picture>                <\/a>\n            <\/div>\n                                    <div class='ngg-pro-masonry-item' style='height: 94px; max-width: 141px;'>\n                <a href=\"http:\/\/blog.tido.world\/paris\/wp-uploads\/nggallery\/10\/par-012-auf-dem-eiffelturm\/blog_paris_20130329_124955.jpg\"\n                   title=\"\"\n                   data-src=\"http:\/\/blog.tido.world\/paris\/wp-uploads\/nggallery\/10\/par-012-auf-dem-eiffelturm\/blog_paris_20130329_124955.jpg\"\n                   data-thumbnail=\"http:\/\/blog.tido.world\/paris\/wp-uploads\/nggallery\/10\/par-012-auf-dem-eiffelturm\/cache\/blog_paris_20130329_124955.jpg-nggid03269-ngg0dyn-141x0-00f0w010c010r110f110r010t010.jpg\"\n                   data-image-id=\"269\"\n                   data-title=\"blog_paris_20130329_124955\"\n                   data-description=\"\"\n                   data-ngg-captions-nostylecopy=\"1\"\n                   class='nextgen_pro_lightbox' data-nplmodal-gallery-id='dffa84546452c72e7bdae82b53562cbc'>\n\t                <picture>\n\t\n<source srcset='http:\/\/blog.tido.world\/paris\/wp-uploads\/nggallery\/10\/par-012-auf-dem-eiffelturm\/cache\/blog_paris_20130329_124955.jpg-nggid03269-ngg0dyn-141x0-00f0w010c010r110f110r010t010.jpg' media=''>\n<img title=\"blog_paris_20130329_124955\" alt=\"blog_paris_20130329_124955\" width=\"141\" height=\"94\" style=\"max-width:141px;max-height:94px\" srcset=\"http:\/\/blog.tido.world\/paris\/wp-uploads\/nggallery\/10\/par-012-auf-dem-eiffelturm\/cache\/blog_paris_20130329_124955.jpg-nggid03269-ngg0dyn-141x0-00f0w010c010r110f110r010t010.jpg\"\/>\n<\/picture>                <\/a>\n            <\/div>\n                                    <div class='ngg-pro-masonry-item' style='height: 212px; max-width: 141px;'>\n                <a href=\"http:\/\/blog.tido.world\/paris\/wp-uploads\/nggallery\/10\/par-012-auf-dem-eiffelturm\/blog_paris_20130329_125151.jpg\"\n                   title=\"\"\n                   data-src=\"http:\/\/blog.tido.world\/paris\/wp-uploads\/nggallery\/10\/par-012-auf-dem-eiffelturm\/blog_paris_20130329_125151.jpg\"\n                   data-thumbnail=\"http:\/\/blog.tido.world\/paris\/wp-uploads\/nggallery\/10\/par-012-auf-dem-eiffelturm\/cache\/blog_paris_20130329_125151.jpg-nggid03270-ngg0dyn-141x0-00f0w010c010r110f110r010t010.jpg\"\n                   data-image-id=\"270\"\n                   data-title=\"blog_paris_20130329_125151\"\n                   data-description=\"\"\n                   data-ngg-captions-nostylecopy=\"1\"\n                   class='nextgen_pro_lightbox' data-nplmodal-gallery-id='dffa84546452c72e7bdae82b53562cbc'>\n\t                <picture>\n\t\n<source srcset='http:\/\/blog.tido.world\/paris\/wp-uploads\/nggallery\/10\/par-012-auf-dem-eiffelturm\/cache\/blog_paris_20130329_125151.jpg-nggid03270-ngg0dyn-141x0-00f0w010c010r110f110r010t010.jpg' media=''>\n<img title=\"blog_paris_20130329_125151\" alt=\"blog_paris_20130329_125151\" width=\"141\" height=\"212\" style=\"max-width:141px;max-height:212px\" srcset=\"http:\/\/blog.tido.world\/paris\/wp-uploads\/nggallery\/10\/par-012-auf-dem-eiffelturm\/cache\/blog_paris_20130329_125151.jpg-nggid03270-ngg0dyn-141x0-00f0w010c010r110f110r010t010.jpg\"\/>\n<\/picture>                <\/a>\n            <\/div>\n                                    <div class='ngg-pro-masonry-item' style='height: 94px; max-width: 141px;'>\n                <a href=\"http:\/\/blog.tido.world\/paris\/wp-uploads\/nggallery\/10\/par-012-auf-dem-eiffelturm\/blog_paris_20130329_125511.jpg\"\n                   title=\"\"\n                   data-src=\"http:\/\/blog.tido.world\/paris\/wp-uploads\/nggallery\/10\/par-012-auf-dem-eiffelturm\/blog_paris_20130329_125511.jpg\"\n                   data-thumbnail=\"http:\/\/blog.tido.world\/paris\/wp-uploads\/nggallery\/10\/par-012-auf-dem-eiffelturm\/cache\/blog_paris_20130329_125511.jpg-nggid03271-ngg0dyn-141x0-00f0w010c010r110f110r010t010.jpg\"\n                   data-image-id=\"271\"\n                   data-title=\"blog_paris_20130329_125511\"\n                   data-description=\"\"\n                   data-ngg-captions-nostylecopy=\"1\"\n                   class='nextgen_pro_lightbox' data-nplmodal-gallery-id='dffa84546452c72e7bdae82b53562cbc'>\n\t                <picture>\n\t\n<source srcset='http:\/\/blog.tido.world\/paris\/wp-uploads\/nggallery\/10\/par-012-auf-dem-eiffelturm\/cache\/blog_paris_20130329_125511.jpg-nggid03271-ngg0dyn-141x0-00f0w010c010r110f110r010t010.jpg' media=''>\n<img title=\"blog_paris_20130329_125511\" alt=\"blog_paris_20130329_125511\" width=\"141\" height=\"94\" style=\"max-width:141px;max-height:94px\" srcset=\"http:\/\/blog.tido.world\/paris\/wp-uploads\/nggallery\/10\/par-012-auf-dem-eiffelturm\/cache\/blog_paris_20130329_125511.jpg-nggid03271-ngg0dyn-141x0-00f0w010c010r110f110r010t010.jpg\"\/>\n<\/picture>                <\/a>\n            <\/div>\n                                    <div class='ngg-pro-masonry-item' style='height: 94px; max-width: 141px;'>\n                <a href=\"http:\/\/blog.tido.world\/paris\/wp-uploads\/nggallery\/10\/par-012-auf-dem-eiffelturm\/blog_paris_20130329_125859.jpg\"\n                   title=\"\"\n                   data-src=\"http:\/\/blog.tido.world\/paris\/wp-uploads\/nggallery\/10\/par-012-auf-dem-eiffelturm\/blog_paris_20130329_125859.jpg\"\n                   data-thumbnail=\"http:\/\/blog.tido.world\/paris\/wp-uploads\/nggallery\/10\/par-012-auf-dem-eiffelturm\/cache\/blog_paris_20130329_125859.jpg-nggid03272-ngg0dyn-141x0-00f0w010c010r110f110r010t010.jpg\"\n                   data-image-id=\"272\"\n                   data-title=\"blog_paris_20130329_125859\"\n                   data-description=\"\"\n                   data-ngg-captions-nostylecopy=\"1\"\n                   class='nextgen_pro_lightbox' data-nplmodal-gallery-id='dffa84546452c72e7bdae82b53562cbc'>\n\t                <picture>\n\t\n<source srcset='http:\/\/blog.tido.world\/paris\/wp-uploads\/nggallery\/10\/par-012-auf-dem-eiffelturm\/cache\/blog_paris_20130329_125859.jpg-nggid03272-ngg0dyn-141x0-00f0w010c010r110f110r010t010.jpg' media=''>\n<img title=\"blog_paris_20130329_125859\" alt=\"blog_paris_20130329_125859\" width=\"141\" height=\"94\" style=\"max-width:141px;max-height:94px\" srcset=\"http:\/\/blog.tido.world\/paris\/wp-uploads\/nggallery\/10\/par-012-auf-dem-eiffelturm\/cache\/blog_paris_20130329_125859.jpg-nggid03272-ngg0dyn-141x0-00f0w010c010r110f110r010t010.jpg\"\/>\n<\/picture>                <\/a>\n            <\/div>\n                                    <div class='ngg-pro-masonry-item' style='height: 94px; max-width: 141px;'>\n                <a href=\"http:\/\/blog.tido.world\/paris\/wp-uploads\/nggallery\/10\/par-012-auf-dem-eiffelturm\/blog_paris_20130329_130017.jpg\"\n                   title=\"\"\n                   data-src=\"http:\/\/blog.tido.world\/paris\/wp-uploads\/nggallery\/10\/par-012-auf-dem-eiffelturm\/blog_paris_20130329_130017.jpg\"\n                   data-thumbnail=\"http:\/\/blog.tido.world\/paris\/wp-uploads\/nggallery\/10\/par-012-auf-dem-eiffelturm\/cache\/blog_paris_20130329_130017.jpg-nggid03273-ngg0dyn-141x0-00f0w010c010r110f110r010t010.jpg\"\n                   data-image-id=\"273\"\n                   data-title=\"blog_paris_20130329_130017\"\n                   data-description=\"\"\n                   data-ngg-captions-nostylecopy=\"1\"\n                   class='nextgen_pro_lightbox' data-nplmodal-gallery-id='dffa84546452c72e7bdae82b53562cbc'>\n\t                <picture>\n\t\n<source srcset='http:\/\/blog.tido.world\/paris\/wp-uploads\/nggallery\/10\/par-012-auf-dem-eiffelturm\/cache\/blog_paris_20130329_130017.jpg-nggid03273-ngg0dyn-141x0-00f0w010c010r110f110r010t010.jpg' media=''>\n<img title=\"blog_paris_20130329_130017\" alt=\"blog_paris_20130329_130017\" width=\"141\" height=\"94\" style=\"max-width:141px;max-height:94px\" srcset=\"http:\/\/blog.tido.world\/paris\/wp-uploads\/nggallery\/10\/par-012-auf-dem-eiffelturm\/cache\/blog_paris_20130329_130017.jpg-nggid03273-ngg0dyn-141x0-00f0w010c010r110f110r010t010.jpg\"\/>\n<\/picture>                <\/a>\n            <\/div>\n                                    <div class='ngg-pro-masonry-item' style='height: 212px; max-width: 141px;'>\n                <a href=\"http:\/\/blog.tido.world\/paris\/wp-uploads\/nggallery\/10\/par-012-auf-dem-eiffelturm\/blog_paris_20130329_131846.jpg\"\n                   title=\"\"\n                   data-src=\"http:\/\/blog.tido.world\/paris\/wp-uploads\/nggallery\/10\/par-012-auf-dem-eiffelturm\/blog_paris_20130329_131846.jpg\"\n                   data-thumbnail=\"http:\/\/blog.tido.world\/paris\/wp-uploads\/nggallery\/10\/par-012-auf-dem-eiffelturm\/cache\/blog_paris_20130329_131846.jpg-nggid03274-ngg0dyn-141x0-00f0w010c010r110f110r010t010.jpg\"\n                   data-image-id=\"274\"\n                   data-title=\"blog_paris_20130329_131846\"\n                   data-description=\"\"\n                   data-ngg-captions-nostylecopy=\"1\"\n                   class='nextgen_pro_lightbox' data-nplmodal-gallery-id='dffa84546452c72e7bdae82b53562cbc'>\n\t                <picture>\n\t\n<source srcset='http:\/\/blog.tido.world\/paris\/wp-uploads\/nggallery\/10\/par-012-auf-dem-eiffelturm\/cache\/blog_paris_20130329_131846.jpg-nggid03274-ngg0dyn-141x0-00f0w010c010r110f110r010t010.jpg' media=''>\n<img title=\"blog_paris_20130329_131846\" alt=\"blog_paris_20130329_131846\" width=\"141\" height=\"212\" style=\"max-width:141px;max-height:212px\" srcset=\"http:\/\/blog.tido.world\/paris\/wp-uploads\/nggallery\/10\/par-012-auf-dem-eiffelturm\/cache\/blog_paris_20130329_131846.jpg-nggid03274-ngg0dyn-141x0-00f0w010c010r110f110r010t010.jpg\"\/>\n<\/picture>                <\/a>\n            <\/div>\n                                    <div class='ngg-pro-masonry-item' style='height: 212px; max-width: 141px;'>\n                <a href=\"http:\/\/blog.tido.world\/paris\/wp-uploads\/nggallery\/10\/par-012-auf-dem-eiffelturm\/blog_paris_20130329_132051.jpg\"\n                   title=\"\"\n                   data-src=\"http:\/\/blog.tido.world\/paris\/wp-uploads\/nggallery\/10\/par-012-auf-dem-eiffelturm\/blog_paris_20130329_132051.jpg\"\n                   data-thumbnail=\"http:\/\/blog.tido.world\/paris\/wp-uploads\/nggallery\/10\/par-012-auf-dem-eiffelturm\/cache\/blog_paris_20130329_132051.jpg-nggid03275-ngg0dyn-141x0-00f0w010c010r110f110r010t010.jpg\"\n                   data-image-id=\"275\"\n                   data-title=\"blog_paris_20130329_132051\"\n                   data-description=\"\"\n                   data-ngg-captions-nostylecopy=\"1\"\n                   class='nextgen_pro_lightbox' data-nplmodal-gallery-id='dffa84546452c72e7bdae82b53562cbc'>\n\t                <picture>\n\t\n<source srcset='http:\/\/blog.tido.world\/paris\/wp-uploads\/nggallery\/10\/par-012-auf-dem-eiffelturm\/cache\/blog_paris_20130329_132051.jpg-nggid03275-ngg0dyn-141x0-00f0w010c010r110f110r010t010.jpg' media=''>\n<img title=\"blog_paris_20130329_132051\" alt=\"blog_paris_20130329_132051\" width=\"141\" height=\"212\" style=\"max-width:141px;max-height:212px\" srcset=\"http:\/\/blog.tido.world\/paris\/wp-uploads\/nggallery\/10\/par-012-auf-dem-eiffelturm\/cache\/blog_paris_20130329_132051.jpg-nggid03275-ngg0dyn-141x0-00f0w010c010r110f110r010t010.jpg\"\/>\n<\/picture>                <\/a>\n            <\/div>\n                                    <div class='ngg-pro-masonry-item' style='height: 212px; max-width: 141px;'>\n                <a href=\"http:\/\/blog.tido.world\/paris\/wp-uploads\/nggallery\/10\/par-012-auf-dem-eiffelturm\/blog_paris_20130329_133637.jpg\"\n                   title=\"\"\n                   data-src=\"http:\/\/blog.tido.world\/paris\/wp-uploads\/nggallery\/10\/par-012-auf-dem-eiffelturm\/blog_paris_20130329_133637.jpg\"\n                   data-thumbnail=\"http:\/\/blog.tido.world\/paris\/wp-uploads\/nggallery\/10\/par-012-auf-dem-eiffelturm\/cache\/blog_paris_20130329_133637.jpg-nggid03276-ngg0dyn-141x0-00f0w010c010r110f110r010t010.jpg\"\n                   data-image-id=\"276\"\n                   data-title=\"blog_paris_20130329_133637\"\n                   data-description=\"\"\n                   data-ngg-captions-nostylecopy=\"1\"\n                   class='nextgen_pro_lightbox' data-nplmodal-gallery-id='dffa84546452c72e7bdae82b53562cbc'>\n\t                <picture>\n\t\n<source srcset='http:\/\/blog.tido.world\/paris\/wp-uploads\/nggallery\/10\/par-012-auf-dem-eiffelturm\/cache\/blog_paris_20130329_133637.jpg-nggid03276-ngg0dyn-141x0-00f0w010c010r110f110r010t010.jpg' media=''>\n<img title=\"blog_paris_20130329_133637\" alt=\"blog_paris_20130329_133637\" width=\"141\" height=\"212\" style=\"max-width:141px;max-height:212px\" srcset=\"http:\/\/blog.tido.world\/paris\/wp-uploads\/nggallery\/10\/par-012-auf-dem-eiffelturm\/cache\/blog_paris_20130329_133637.jpg-nggid03276-ngg0dyn-141x0-00f0w010c010r110f110r010t010.jpg\"\/>\n<\/picture>                <\/a>\n            <\/div>\n                                    <div class='ngg-pro-masonry-item' style='height: 212px; max-width: 141px;'>\n                <a href=\"http:\/\/blog.tido.world\/paris\/wp-uploads\/nggallery\/10\/par-012-auf-dem-eiffelturm\/blog_paris_20130329_133855.jpg\"\n                   title=\"\"\n                   data-src=\"http:\/\/blog.tido.world\/paris\/wp-uploads\/nggallery\/10\/par-012-auf-dem-eiffelturm\/blog_paris_20130329_133855.jpg\"\n                   data-thumbnail=\"http:\/\/blog.tido.world\/paris\/wp-uploads\/nggallery\/10\/par-012-auf-dem-eiffelturm\/cache\/blog_paris_20130329_133855.jpg-nggid03277-ngg0dyn-141x0-00f0w010c010r110f110r010t010.jpg\"\n                   data-image-id=\"277\"\n                   data-title=\"blog_paris_20130329_133855\"\n                   data-description=\"\"\n                   data-ngg-captions-nostylecopy=\"1\"\n                   class='nextgen_pro_lightbox' data-nplmodal-gallery-id='dffa84546452c72e7bdae82b53562cbc'>\n\t                <picture>\n\t\n<source srcset='http:\/\/blog.tido.world\/paris\/wp-uploads\/nggallery\/10\/par-012-auf-dem-eiffelturm\/cache\/blog_paris_20130329_133855.jpg-nggid03277-ngg0dyn-141x0-00f0w010c010r110f110r010t010.jpg' media=''>\n<img title=\"blog_paris_20130329_133855\" alt=\"blog_paris_20130329_133855\" width=\"141\" height=\"212\" style=\"max-width:141px;max-height:212px\" srcset=\"http:\/\/blog.tido.world\/paris\/wp-uploads\/nggallery\/10\/par-012-auf-dem-eiffelturm\/cache\/blog_paris_20130329_133855.jpg-nggid03277-ngg0dyn-141x0-00f0w010c010r110f110r010t010.jpg\"\/>\n<\/picture>                <\/a>\n            <\/div>\n                                    <div class='ngg-pro-masonry-item' style='height: 94px; max-width: 141px;'>\n                <a href=\"http:\/\/blog.tido.world\/paris\/wp-uploads\/nggallery\/10\/par-012-auf-dem-eiffelturm\/blog_paris_20130329_133411.jpg\"\n                   title=\"\"\n                   data-src=\"http:\/\/blog.tido.world\/paris\/wp-uploads\/nggallery\/10\/par-012-auf-dem-eiffelturm\/blog_paris_20130329_133411.jpg\"\n                   data-thumbnail=\"http:\/\/blog.tido.world\/paris\/wp-uploads\/nggallery\/10\/par-012-auf-dem-eiffelturm\/cache\/blog_paris_20130329_133411.jpg-nggid03292-ngg0dyn-141x0-00f0w010c010r110f110r010t010.jpg\"\n                   data-image-id=\"292\"\n                   data-title=\"blog_paris_20130329_133411\"\n                   data-description=\"\"\n                   data-ngg-captions-nostylecopy=\"1\"\n                   class='nextgen_pro_lightbox' data-nplmodal-gallery-id='dffa84546452c72e7bdae82b53562cbc'>\n\t                <picture>\n\t\n<source srcset='http:\/\/blog.tido.world\/paris\/wp-uploads\/nggallery\/10\/par-012-auf-dem-eiffelturm\/cache\/blog_paris_20130329_133411.jpg-nggid03292-ngg0dyn-141x0-00f0w010c010r110f110r010t010.jpg' media=''>\n<img title=\"blog_paris_20130329_133411\" alt=\"blog_paris_20130329_133411\" width=\"141\" height=\"94\" style=\"max-width:141px;max-height:94px\" srcset=\"http:\/\/blog.tido.world\/paris\/wp-uploads\/nggallery\/10\/par-012-auf-dem-eiffelturm\/cache\/blog_paris_20130329_133411.jpg-nggid03292-ngg0dyn-141x0-00f0w010c010r110f110r010t010.jpg\"\/>\n<\/picture>                <\/a>\n            <\/div>\n                            <\/div>\n<p>Den Weg nach unten traten wir dann zu Fu\u00df an. Dabei kamen uns sehr viele derjenigen entgegen, die sich f\u00fcr die komplett fahrstuhllose Besteigung entschlossen hatten. Wir waren allerdings sehr froh, dass wir den Gedanken zum entsprechenden Zeitpunkt schnell verworfen hatten, denn die Leute k\u00fcchten und schnieften und waren sehr sehr weit entfernt von entspannt. Mit &#8222;Aussicht genie\u00dfen&#8220; hat das nix mehr zu tun.<br \/>\nDer erste Teil der Treppen war schnell absolviert und so waren wir schnell auf der untersten Plattform angekommen. Neben den vielversprechenden Bauarbeiten an einem neuen Restaurant bot sich allerdings auch hier ein Bild, wie schon am Tag zuvor in La Defense. Vorallem der Souvenirladen wirkte unfreiwillig wie aus den 60er Jahren und wurde seit dem wohl auch nicht mehr geputzt &#8230; und da sind wir echt nicht pingelig \ud83d\ude09<\/p>\n<p>Wieder festen Boden unter den F\u00fc\u00dfen war unser n\u00e4chstes Ziel die Freiheitsstatue. Viele kennen sie nur als eines der Wahrzeichen des Big Apple, wobei diese ein Geschenk der Franzosen anl\u00e4sslich der amerikanischen Unabh\u00e4ngigkeit war.<br \/>\nIn Paris selbst gibt es derer vier identische in unterschiedlichen Gr\u00f6\u00dfen. Das Modell zur Version in New York steht in einem Pariser Museum, eine weitere in einem Park, eine dritte am Bug eines Kahns auf der Seine. Die vierte und mit 11,50m H\u00f6he auch gr\u00f6\u00dfte in Paris steht auf der Ile aux Cygnes nur unweit vom Eiffelturm und ist wiederum ein Geschenk der Amerikaner gewesen. Sie wurde \u00fcbrigens mit Blick in Richtung der US-Version aufgestellt.<br \/>\nEs waren zur Abwechslung nicht sehr viele Touristen dorthin unterwegs und so war es Vorort verh\u00e4ltnism\u00e4\u00dfig ruhig.<\/p>\n<style type='text\/css'>\n    #ngg-gallery-e79da81a6f89f2d4dc95dbc2e243da59 .ngg-pro-masonry-item {\n        margin-bottom: 12px;\n    }\n<\/style>\n<div class=\"ngg-pro-masonry\" id=\"ngg-gallery-e79da81a6f89f2d4dc95dbc2e243da59\">\n    <div class='ngg-pro-masonry-gutter' style='width: 12px'><\/div>\n    <div class='ngg-pro-masonry-sizer' style='width: 192px'><\/div>\n                <div class='ngg-pro-masonry-item' style='height: 288px; max-width: 192px;'>\n                <a href=\"http:\/\/blog.tido.world\/paris\/wp-uploads\/nggallery\/10\/par-013-statue-liberte\/blog_paris_20130329_141652.jpg\"\n                   title=\"\"\n                   data-src=\"http:\/\/blog.tido.world\/paris\/wp-uploads\/nggallery\/10\/par-013-statue-liberte\/blog_paris_20130329_141652.jpg\"\n                   data-thumbnail=\"http:\/\/blog.tido.world\/paris\/wp-uploads\/nggallery\/10\/par-013-statue-liberte\/cache\/blog_paris_20130329_141652.jpg-nggid03278-ngg0dyn-192x0-00f0w010c010r110f110r010t010.jpg\"\n                   data-image-id=\"278\"\n                   data-title=\"blog_paris_20130329_141652\"\n                   data-description=\"\"\n                   data-ngg-captions-nostylecopy=\"1\"\n                   class='nextgen_pro_lightbox' data-nplmodal-gallery-id='e79da81a6f89f2d4dc95dbc2e243da59'>\n\t                <picture>\n\t\n<source srcset='http:\/\/blog.tido.world\/paris\/wp-uploads\/nggallery\/10\/par-013-statue-liberte\/cache\/blog_paris_20130329_141652.jpg-nggid03278-ngg0dyn-192x0-00f0w010c010r110f110r010t010.jpg' media=''>\n<img title=\"blog_paris_20130329_141652\" alt=\"blog_paris_20130329_141652\" width=\"192\" height=\"288\" style=\"max-width:192px;max-height:288px\" srcset=\"http:\/\/blog.tido.world\/paris\/wp-uploads\/nggallery\/10\/par-013-statue-liberte\/cache\/blog_paris_20130329_141652.jpg-nggid03278-ngg0dyn-192x0-00f0w010c010r110f110r010t010.jpg\"\/>\n<\/picture>                <\/a>\n            <\/div>\n                                    <div class='ngg-pro-masonry-item' style='height: 288px; max-width: 192px;'>\n                <a href=\"http:\/\/blog.tido.world\/paris\/wp-uploads\/nggallery\/10\/par-013-statue-liberte\/blog_paris_20130329_142512.jpg\"\n                   title=\"\"\n                   data-src=\"http:\/\/blog.tido.world\/paris\/wp-uploads\/nggallery\/10\/par-013-statue-liberte\/blog_paris_20130329_142512.jpg\"\n                   data-thumbnail=\"http:\/\/blog.tido.world\/paris\/wp-uploads\/nggallery\/10\/par-013-statue-liberte\/cache\/blog_paris_20130329_142512.jpg-nggid03279-ngg0dyn-192x0-00f0w010c010r110f110r010t010.jpg\"\n                   data-image-id=\"279\"\n                   data-title=\"blog_paris_20130329_142512\"\n                   data-description=\"\"\n                   data-ngg-captions-nostylecopy=\"1\"\n                   class='nextgen_pro_lightbox' data-nplmodal-gallery-id='e79da81a6f89f2d4dc95dbc2e243da59'>\n\t                <picture>\n\t\n<source srcset='http:\/\/blog.tido.world\/paris\/wp-uploads\/nggallery\/10\/par-013-statue-liberte\/cache\/blog_paris_20130329_142512.jpg-nggid03279-ngg0dyn-192x0-00f0w010c010r110f110r010t010.jpg' media=''>\n<img title=\"blog_paris_20130329_142512\" alt=\"blog_paris_20130329_142512\" width=\"192\" height=\"288\" style=\"max-width:192px;max-height:288px\" srcset=\"http:\/\/blog.tido.world\/paris\/wp-uploads\/nggallery\/10\/par-013-statue-liberte\/cache\/blog_paris_20130329_142512.jpg-nggid03279-ngg0dyn-192x0-00f0w010c010r110f110r010t010.jpg\"\/>\n<\/picture>                <\/a>\n            <\/div>\n                                    <div class='ngg-pro-masonry-item' style='height: 288px; max-width: 192px;'>\n                <a href=\"http:\/\/blog.tido.world\/paris\/wp-uploads\/nggallery\/10\/par-013-statue-liberte\/blog_paris_20130329_144223.jpg\"\n                   title=\"\"\n                   data-src=\"http:\/\/blog.tido.world\/paris\/wp-uploads\/nggallery\/10\/par-013-statue-liberte\/blog_paris_20130329_144223.jpg\"\n                   data-thumbnail=\"http:\/\/blog.tido.world\/paris\/wp-uploads\/nggallery\/10\/par-013-statue-liberte\/cache\/blog_paris_20130329_144223.jpg-nggid03280-ngg0dyn-192x0-00f0w010c010r110f110r010t010.jpg\"\n                   data-image-id=\"280\"\n                   data-title=\"blog_paris_20130329_144223\"\n                   data-description=\"\"\n                   data-ngg-captions-nostylecopy=\"1\"\n                   class='nextgen_pro_lightbox' data-nplmodal-gallery-id='e79da81a6f89f2d4dc95dbc2e243da59'>\n\t                <picture>\n\t\n<source srcset='http:\/\/blog.tido.world\/paris\/wp-uploads\/nggallery\/10\/par-013-statue-liberte\/cache\/blog_paris_20130329_144223.jpg-nggid03280-ngg0dyn-192x0-00f0w010c010r110f110r010t010.jpg' media=''>\n<img title=\"blog_paris_20130329_144223\" alt=\"blog_paris_20130329_144223\" width=\"192\" height=\"288\" style=\"max-width:192px;max-height:288px\" srcset=\"http:\/\/blog.tido.world\/paris\/wp-uploads\/nggallery\/10\/par-013-statue-liberte\/cache\/blog_paris_20130329_144223.jpg-nggid03280-ngg0dyn-192x0-00f0w010c010r110f110r010t010.jpg\"\/>\n<\/picture>                <\/a>\n            <\/div>\n                            <\/div>\n<p>Nach dem Doreen und auch ich genug Freiheit intus hatten, brachte uns die Metro zur Pont Alexandre III, wohl die sehenswerteste der vielen Br\u00fccken \u00fcber die Seine. Gem\u00fctlich \u00fcberquerten wir also den Flu\u00df und gingen vorbei am Grand Palais durch eines der exclusiveren Ladenviertel. Schuhgesch\u00e4fte die genau zwei Paar Schuhe anboten, Textill\u00e4den, in denen die Einrichtung an die Farbe der jeweils angebotenen Kleider angepasst wird, usw. Allerdings gab es nix in unserer Gr\u00f6\u00dfe und so nahmen wir nur etwas Hunger mit zur nahegelegenen Champs-Elysses.<\/p>\n<style type='text\/css'>\n    #ngg-gallery-68a9c9d4c1fb9c7c8fa327c78aa8d5c7 .ngg-pro-masonry-item {\n        margin-bottom: 12px;\n    }\n<\/style>\n<div class=\"ngg-pro-masonry\" id=\"ngg-gallery-68a9c9d4c1fb9c7c8fa327c78aa8d5c7\">\n    <div class='ngg-pro-masonry-gutter' style='width: 12px'><\/div>\n    <div class='ngg-pro-masonry-sizer' style='width: 192px'><\/div>\n                <div class='ngg-pro-masonry-item' style='height: 288px; max-width: 192px;'>\n                <a href=\"http:\/\/blog.tido.world\/paris\/wp-uploads\/nggallery\/10\/par-014-pont-neuf\/blog_paris_20130329_150529.jpg\"\n                   title=\"\"\n                   data-src=\"http:\/\/blog.tido.world\/paris\/wp-uploads\/nggallery\/10\/par-014-pont-neuf\/blog_paris_20130329_150529.jpg\"\n                   data-thumbnail=\"http:\/\/blog.tido.world\/paris\/wp-uploads\/nggallery\/10\/par-014-pont-neuf\/cache\/blog_paris_20130329_150529.jpg-nggid03281-ngg0dyn-192x0-00f0w010c010r110f110r010t010.jpg\"\n                   data-image-id=\"281\"\n                   data-title=\"blog_paris_20130329_150529\"\n                   data-description=\"\"\n                   data-ngg-captions-nostylecopy=\"1\"\n                   class='nextgen_pro_lightbox' data-nplmodal-gallery-id='68a9c9d4c1fb9c7c8fa327c78aa8d5c7'>\n\t                <picture>\n\t\n<source srcset='http:\/\/blog.tido.world\/paris\/wp-uploads\/nggallery\/10\/par-014-pont-neuf\/cache\/blog_paris_20130329_150529.jpg-nggid03281-ngg0dyn-192x0-00f0w010c010r110f110r010t010.jpg' media=''>\n<img title=\"blog_paris_20130329_150529\" alt=\"blog_paris_20130329_150529\" width=\"192\" height=\"288\" style=\"max-width:192px;max-height:288px\" srcset=\"http:\/\/blog.tido.world\/paris\/wp-uploads\/nggallery\/10\/par-014-pont-neuf\/cache\/blog_paris_20130329_150529.jpg-nggid03281-ngg0dyn-192x0-00f0w010c010r110f110r010t010.jpg\"\/>\n<\/picture>                <\/a>\n            <\/div>\n                                    <div class='ngg-pro-masonry-item' style='height: 128px; max-width: 192px;'>\n                <a href=\"http:\/\/blog.tido.world\/paris\/wp-uploads\/nggallery\/10\/par-014-pont-neuf\/blog_paris_20130329_151126.jpg\"\n                   title=\"\"\n                   data-src=\"http:\/\/blog.tido.world\/paris\/wp-uploads\/nggallery\/10\/par-014-pont-neuf\/blog_paris_20130329_151126.jpg\"\n                   data-thumbnail=\"http:\/\/blog.tido.world\/paris\/wp-uploads\/nggallery\/10\/par-014-pont-neuf\/cache\/blog_paris_20130329_151126.jpg-nggid03282-ngg0dyn-192x0-00f0w010c010r110f110r010t010.jpg\"\n                   data-image-id=\"282\"\n                   data-title=\"blog_paris_20130329_151126\"\n                   data-description=\"\"\n                   data-ngg-captions-nostylecopy=\"1\"\n                   class='nextgen_pro_lightbox' data-nplmodal-gallery-id='68a9c9d4c1fb9c7c8fa327c78aa8d5c7'>\n\t                <picture>\n\t\n<source srcset='http:\/\/blog.tido.world\/paris\/wp-uploads\/nggallery\/10\/par-014-pont-neuf\/cache\/blog_paris_20130329_151126.jpg-nggid03282-ngg0dyn-192x0-00f0w010c010r110f110r010t010.jpg' media=''>\n<img title=\"blog_paris_20130329_151126\" alt=\"blog_paris_20130329_151126\" width=\"192\" height=\"128\" style=\"max-width:192px;max-height:128px\" srcset=\"http:\/\/blog.tido.world\/paris\/wp-uploads\/nggallery\/10\/par-014-pont-neuf\/cache\/blog_paris_20130329_151126.jpg-nggid03282-ngg0dyn-192x0-00f0w010c010r110f110r010t010.jpg\"\/>\n<\/picture>                <\/a>\n            <\/div>\n                                    <div class='ngg-pro-masonry-item' style='height: 288px; max-width: 192px;'>\n                <a href=\"http:\/\/blog.tido.world\/paris\/wp-uploads\/nggallery\/10\/par-014-pont-neuf\/blog_paris_20130329_151235.jpg\"\n                   title=\"\"\n                   data-src=\"http:\/\/blog.tido.world\/paris\/wp-uploads\/nggallery\/10\/par-014-pont-neuf\/blog_paris_20130329_151235.jpg\"\n                   data-thumbnail=\"http:\/\/blog.tido.world\/paris\/wp-uploads\/nggallery\/10\/par-014-pont-neuf\/cache\/blog_paris_20130329_151235.jpg-nggid03283-ngg0dyn-192x0-00f0w010c010r110f110r010t010.jpg\"\n                   data-image-id=\"283\"\n                   data-title=\"blog_paris_20130329_151235\"\n                   data-description=\"\"\n                   data-ngg-captions-nostylecopy=\"1\"\n                   class='nextgen_pro_lightbox' data-nplmodal-gallery-id='68a9c9d4c1fb9c7c8fa327c78aa8d5c7'>\n\t                <picture>\n\t\n<source srcset='http:\/\/blog.tido.world\/paris\/wp-uploads\/nggallery\/10\/par-014-pont-neuf\/cache\/blog_paris_20130329_151235.jpg-nggid03283-ngg0dyn-192x0-00f0w010c010r110f110r010t010.jpg' media=''>\n<img title=\"blog_paris_20130329_151235\" alt=\"blog_paris_20130329_151235\" width=\"192\" height=\"288\" style=\"max-width:192px;max-height:288px\" srcset=\"http:\/\/blog.tido.world\/paris\/wp-uploads\/nggallery\/10\/par-014-pont-neuf\/cache\/blog_paris_20130329_151235.jpg-nggid03283-ngg0dyn-192x0-00f0w010c010r110f110r010t010.jpg\"\/>\n<\/picture>                <\/a>\n            <\/div>\n                                    <div class='ngg-pro-masonry-item' style='height: 288px; max-width: 192px;'>\n                <a href=\"http:\/\/blog.tido.world\/paris\/wp-uploads\/nggallery\/10\/par-014-pont-neuf\/blog_paris_20130329_151646.jpg\"\n                   title=\"\"\n                   data-src=\"http:\/\/blog.tido.world\/paris\/wp-uploads\/nggallery\/10\/par-014-pont-neuf\/blog_paris_20130329_151646.jpg\"\n                   data-thumbnail=\"http:\/\/blog.tido.world\/paris\/wp-uploads\/nggallery\/10\/par-014-pont-neuf\/cache\/blog_paris_20130329_151646.jpg-nggid03284-ngg0dyn-192x0-00f0w010c010r110f110r010t010.jpg\"\n                   data-image-id=\"284\"\n                   data-title=\"blog_paris_20130329_151646\"\n                   data-description=\"\"\n                   data-ngg-captions-nostylecopy=\"1\"\n                   class='nextgen_pro_lightbox' data-nplmodal-gallery-id='68a9c9d4c1fb9c7c8fa327c78aa8d5c7'>\n\t                <picture>\n\t\n<source srcset='http:\/\/blog.tido.world\/paris\/wp-uploads\/nggallery\/10\/par-014-pont-neuf\/cache\/blog_paris_20130329_151646.jpg-nggid03284-ngg0dyn-192x0-00f0w010c010r110f110r010t010.jpg' media=''>\n<img title=\"blog_paris_20130329_151646\" alt=\"blog_paris_20130329_151646\" width=\"192\" height=\"288\" style=\"max-width:192px;max-height:288px\" srcset=\"http:\/\/blog.tido.world\/paris\/wp-uploads\/nggallery\/10\/par-014-pont-neuf\/cache\/blog_paris_20130329_151646.jpg-nggid03284-ngg0dyn-192x0-00f0w010c010r110f110r010t010.jpg\"\/>\n<\/picture>                <\/a>\n            <\/div>\n                                    <div class='ngg-pro-masonry-item' style='height: 288px; max-width: 192px;'>\n                <a href=\"http:\/\/blog.tido.world\/paris\/wp-uploads\/nggallery\/10\/par-014-pont-neuf\/blog_paris_20130329_151735.jpg\"\n                   title=\"\"\n                   data-src=\"http:\/\/blog.tido.world\/paris\/wp-uploads\/nggallery\/10\/par-014-pont-neuf\/blog_paris_20130329_151735.jpg\"\n                   data-thumbnail=\"http:\/\/blog.tido.world\/paris\/wp-uploads\/nggallery\/10\/par-014-pont-neuf\/cache\/blog_paris_20130329_151735.jpg-nggid03285-ngg0dyn-192x0-00f0w010c010r110f110r010t010.jpg\"\n                   data-image-id=\"285\"\n                   data-title=\"blog_paris_20130329_151735\"\n                   data-description=\"\"\n                   data-ngg-captions-nostylecopy=\"1\"\n                   class='nextgen_pro_lightbox' data-nplmodal-gallery-id='68a9c9d4c1fb9c7c8fa327c78aa8d5c7'>\n\t                <picture>\n\t\n<source srcset='http:\/\/blog.tido.world\/paris\/wp-uploads\/nggallery\/10\/par-014-pont-neuf\/cache\/blog_paris_20130329_151735.jpg-nggid03285-ngg0dyn-192x0-00f0w010c010r110f110r010t010.jpg' media=''>\n<img title=\"blog_paris_20130329_151735\" alt=\"blog_paris_20130329_151735\" width=\"192\" height=\"288\" style=\"max-width:192px;max-height:288px\" srcset=\"http:\/\/blog.tido.world\/paris\/wp-uploads\/nggallery\/10\/par-014-pont-neuf\/cache\/blog_paris_20130329_151735.jpg-nggid03285-ngg0dyn-192x0-00f0w010c010r110f110r010t010.jpg\"\/>\n<\/picture>                <\/a>\n            <\/div>\n                                    <div class='ngg-pro-masonry-item' style='height: 288px; max-width: 192px;'>\n                <a href=\"http:\/\/blog.tido.world\/paris\/wp-uploads\/nggallery\/10\/par-014-pont-neuf\/blog_paris_20130329_152113.jpg\"\n                   title=\"\"\n                   data-src=\"http:\/\/blog.tido.world\/paris\/wp-uploads\/nggallery\/10\/par-014-pont-neuf\/blog_paris_20130329_152113.jpg\"\n                   data-thumbnail=\"http:\/\/blog.tido.world\/paris\/wp-uploads\/nggallery\/10\/par-014-pont-neuf\/cache\/blog_paris_20130329_152113.jpg-nggid03286-ngg0dyn-192x0-00f0w010c010r110f110r010t010.jpg\"\n                   data-image-id=\"286\"\n                   data-title=\"blog_paris_20130329_152113\"\n                   data-description=\"\"\n                   data-ngg-captions-nostylecopy=\"1\"\n                   class='nextgen_pro_lightbox' data-nplmodal-gallery-id='68a9c9d4c1fb9c7c8fa327c78aa8d5c7'>\n\t                <picture>\n\t\n<source srcset='http:\/\/blog.tido.world\/paris\/wp-uploads\/nggallery\/10\/par-014-pont-neuf\/cache\/blog_paris_20130329_152113.jpg-nggid03286-ngg0dyn-192x0-00f0w010c010r110f110r010t010.jpg' media=''>\n<img title=\"blog_paris_20130329_152113\" alt=\"blog_paris_20130329_152113\" width=\"192\" height=\"288\" style=\"max-width:192px;max-height:288px\" srcset=\"http:\/\/blog.tido.world\/paris\/wp-uploads\/nggallery\/10\/par-014-pont-neuf\/cache\/blog_paris_20130329_152113.jpg-nggid03286-ngg0dyn-192x0-00f0w010c010r110f110r010t010.jpg\"\/>\n<\/picture>                <\/a>\n            <\/div>\n                                    <div class='ngg-pro-masonry-item' style='height: 128px; max-width: 192px;'>\n                <a href=\"http:\/\/blog.tido.world\/paris\/wp-uploads\/nggallery\/10\/par-014-pont-neuf\/blog_paris_20130329_152259.jpg\"\n                   title=\"\"\n                   data-src=\"http:\/\/blog.tido.world\/paris\/wp-uploads\/nggallery\/10\/par-014-pont-neuf\/blog_paris_20130329_152259.jpg\"\n                   data-thumbnail=\"http:\/\/blog.tido.world\/paris\/wp-uploads\/nggallery\/10\/par-014-pont-neuf\/cache\/blog_paris_20130329_152259.jpg-nggid03291-ngg0dyn-192x0-00f0w010c010r110f110r010t010.jpg\"\n                   data-image-id=\"291\"\n                   data-title=\"blog_paris_20130329_152259\"\n                   data-description=\"\"\n                   data-ngg-captions-nostylecopy=\"1\"\n                   class='nextgen_pro_lightbox' data-nplmodal-gallery-id='68a9c9d4c1fb9c7c8fa327c78aa8d5c7'>\n\t                <picture>\n\t\n<source srcset='http:\/\/blog.tido.world\/paris\/wp-uploads\/nggallery\/10\/par-014-pont-neuf\/cache\/blog_paris_20130329_152259.jpg-nggid03291-ngg0dyn-192x0-00f0w010c010r110f110r010t010.jpg' media=''>\n<img title=\"blog_paris_20130329_152259\" alt=\"blog_paris_20130329_152259\" width=\"192\" height=\"128\" style=\"max-width:192px;max-height:128px\" srcset=\"http:\/\/blog.tido.world\/paris\/wp-uploads\/nggallery\/10\/par-014-pont-neuf\/cache\/blog_paris_20130329_152259.jpg-nggid03291-ngg0dyn-192x0-00f0w010c010r110f110r010t010.jpg\"\/>\n<\/picture>                <\/a>\n            <\/div>\n                            <\/div>\n<p>Im Restaurant &#8222;zur goldenen M\u00f6we&#8220; gabs dann ein 2-G\u00e4nge Men\u00fc. W\u00e4hrenddessen entschlossen wir uns auch heute zu einem kleinen Nickerchen im Hotel, bevor wir noch ein letztes Mal durchs Abendliche Paris flanieren w\u00fcrden. So ging es nach der Mahlzeit zun\u00e4chst zur\u00fcck zur Unterkunft.<\/p>\n<p>Auch wenn das Aufstehen nach der kleinen Pause recht schwer fiel, merkte man recht schnell, wie gut es doch getan hat und wie erholt man nun auch am Abend wieder unterwegs sein kann.<\/p>\n<p>Unser Ziel war erneut die Br\u00fccke, die wir schon Nachmittags besucht hatten. Auf vielen Postkarten waren Bilder von aufwendig verzierten Laternen mit dem Eiffelturm im Hintergrund zu sehen und genau so ein Bild wollte ich eben auch mal gemacht haben.Nach dem auch die Br\u00fccke noch zum Motiv geworden war schlenderten wir weiter direkt am Flu\u00df enlang vorbei am Place de la Concorde und den Tuilerien. Ach hier passierten wir wieder einige dieser schon erw\u00e4hnten, zu Wohnbooten umgebauten Frachtk\u00e4hne und staunten hin und wieder nicht schlecht. An der Br\u00fccke vor dem Mus\u00e9e d&#8217;Orsay verweilten wir noch ein wenig auf der Bank &#8230; ok ok, Doreen verweilte, w\u00e4hrend ich noch ein paar Fotos mehr machte \ud83d\ude09<\/p>\n<style type='text\/css'>\n    #ngg-gallery-fcfa4b3fa9d2e81bb3eda20de64b8e99 .ngg-pro-masonry-item {\n        margin-bottom: 12px;\n    }\n<\/style>\n<div class=\"ngg-pro-masonry\" id=\"ngg-gallery-fcfa4b3fa9d2e81bb3eda20de64b8e99\">\n    <div class='ngg-pro-masonry-gutter' style='width: 12px'><\/div>\n    <div class='ngg-pro-masonry-sizer' style='width: 294px'><\/div>\n                <div class='ngg-pro-masonry-item' style='height: 441px; max-width: 294px;'>\n                <a href=\"http:\/\/blog.tido.world\/paris\/wp-uploads\/nggallery\/10\/par-015-paris-at-the-last-night\/blog_paris_20130329_201955.jpg\"\n                   title=\"\"\n                   data-src=\"http:\/\/blog.tido.world\/paris\/wp-uploads\/nggallery\/10\/par-015-paris-at-the-last-night\/blog_paris_20130329_201955.jpg\"\n                   data-thumbnail=\"http:\/\/blog.tido.world\/paris\/wp-uploads\/nggallery\/10\/par-015-paris-at-the-last-night\/cache\/blog_paris_20130329_201955.jpg-nggid03287-ngg0dyn-294x0-00f0w010c010r110f110r010t010.jpg\"\n                   data-image-id=\"287\"\n                   data-title=\"blog_paris_20130329_201955\"\n                   data-description=\"\"\n                   data-ngg-captions-nostylecopy=\"1\"\n                   class='nextgen_pro_lightbox' data-nplmodal-gallery-id='fcfa4b3fa9d2e81bb3eda20de64b8e99'>\n\t                <picture>\n\t\n<source srcset='http:\/\/blog.tido.world\/paris\/wp-uploads\/nggallery\/10\/par-015-paris-at-the-last-night\/cache\/blog_paris_20130329_201955.jpg-nggid03287-ngg0dyn-294x0-00f0w010c010r110f110r010t010.jpg' media=''>\n<img title=\"blog_paris_20130329_201955\" alt=\"blog_paris_20130329_201955\" width=\"294\" height=\"441\" style=\"max-width:294px;max-height:441px\" srcset=\"http:\/\/blog.tido.world\/paris\/wp-uploads\/nggallery\/10\/par-015-paris-at-the-last-night\/cache\/blog_paris_20130329_201955.jpg-nggid03287-ngg0dyn-294x0-00f0w010c010r110f110r010t010.jpg\"\/>\n<\/picture>                <\/a>\n            <\/div>\n                                    <div class='ngg-pro-masonry-item' style='height: 196px; max-width: 294px;'>\n                <a href=\"http:\/\/blog.tido.world\/paris\/wp-uploads\/nggallery\/10\/par-015-paris-at-the-last-night\/blog_paris_20130329_202606.jpg\"\n                   title=\"\"\n                   data-src=\"http:\/\/blog.tido.world\/paris\/wp-uploads\/nggallery\/10\/par-015-paris-at-the-last-night\/blog_paris_20130329_202606.jpg\"\n                   data-thumbnail=\"http:\/\/blog.tido.world\/paris\/wp-uploads\/nggallery\/10\/par-015-paris-at-the-last-night\/cache\/blog_paris_20130329_202606.jpg-nggid03288-ngg0dyn-294x0-00f0w010c010r110f110r010t010.jpg\"\n                   data-image-id=\"288\"\n                   data-title=\"blog_paris_20130329_202606\"\n                   data-description=\"\"\n                   data-ngg-captions-nostylecopy=\"1\"\n                   class='nextgen_pro_lightbox' data-nplmodal-gallery-id='fcfa4b3fa9d2e81bb3eda20de64b8e99'>\n\t                <picture>\n\t\n<source srcset='http:\/\/blog.tido.world\/paris\/wp-uploads\/nggallery\/10\/par-015-paris-at-the-last-night\/cache\/blog_paris_20130329_202606.jpg-nggid03288-ngg0dyn-294x0-00f0w010c010r110f110r010t010.jpg' media=''>\n<img title=\"blog_paris_20130329_202606\" alt=\"blog_paris_20130329_202606\" width=\"294\" height=\"196\" style=\"max-width:294px;max-height:196px\" srcset=\"http:\/\/blog.tido.world\/paris\/wp-uploads\/nggallery\/10\/par-015-paris-at-the-last-night\/cache\/blog_paris_20130329_202606.jpg-nggid03288-ngg0dyn-294x0-00f0w010c010r110f110r010t010.jpg\"\/>\n<\/picture>                <\/a>\n            <\/div>\n                                    <div class='ngg-pro-masonry-item' style='height: 441px; max-width: 294px;'>\n                <a href=\"http:\/\/blog.tido.world\/paris\/wp-uploads\/nggallery\/10\/par-015-paris-at-the-last-night\/blog_paris_20130329_211204.jpg\"\n                   title=\"\"\n                   data-src=\"http:\/\/blog.tido.world\/paris\/wp-uploads\/nggallery\/10\/par-015-paris-at-the-last-night\/blog_paris_20130329_211204.jpg\"\n                   data-thumbnail=\"http:\/\/blog.tido.world\/paris\/wp-uploads\/nggallery\/10\/par-015-paris-at-the-last-night\/cache\/blog_paris_20130329_211204.jpg-nggid03290-ngg0dyn-294x0-00f0w010c010r110f110r010t010.jpg\"\n                   data-image-id=\"290\"\n                   data-title=\"blog_paris_20130329_211204\"\n                   data-description=\"\"\n                   data-ngg-captions-nostylecopy=\"1\"\n                   class='nextgen_pro_lightbox' data-nplmodal-gallery-id='fcfa4b3fa9d2e81bb3eda20de64b8e99'>\n\t                <picture>\n\t\n<source srcset='http:\/\/blog.tido.world\/paris\/wp-uploads\/nggallery\/10\/par-015-paris-at-the-last-night\/cache\/blog_paris_20130329_211204.jpg-nggid03290-ngg0dyn-294x0-00f0w010c010r110f110r010t010.jpg' media=''>\n<img title=\"blog_paris_20130329_211204\" alt=\"blog_paris_20130329_211204\" width=\"294\" height=\"441\" style=\"max-width:294px;max-height:441px\" srcset=\"http:\/\/blog.tido.world\/paris\/wp-uploads\/nggallery\/10\/par-015-paris-at-the-last-night\/cache\/blog_paris_20130329_211204.jpg-nggid03290-ngg0dyn-294x0-00f0w010c010r110f110r010t010.jpg\"\/>\n<\/picture>                <\/a>\n            <\/div>\n                                    <div class='ngg-pro-masonry-item' style='height: 196px; max-width: 294px;'>\n                <a href=\"http:\/\/blog.tido.world\/paris\/wp-uploads\/nggallery\/10\/par-015-paris-at-the-last-night\/blog_paris_20130329_203112.jpg\"\n                   title=\"\"\n                   data-src=\"http:\/\/blog.tido.world\/paris\/wp-uploads\/nggallery\/10\/par-015-paris-at-the-last-night\/blog_paris_20130329_203112.jpg\"\n                   data-thumbnail=\"http:\/\/blog.tido.world\/paris\/wp-uploads\/nggallery\/10\/par-015-paris-at-the-last-night\/cache\/blog_paris_20130329_203112.jpg-nggid03289-ngg0dyn-294x0-00f0w010c010r110f110r010t010.jpg\"\n                   data-image-id=\"289\"\n                   data-title=\"blog_paris_20130329_203112\"\n                   data-description=\"\"\n                   data-ngg-captions-nostylecopy=\"1\"\n                   class='nextgen_pro_lightbox' data-nplmodal-gallery-id='fcfa4b3fa9d2e81bb3eda20de64b8e99'>\n\t                <picture>\n\t\n<source srcset='http:\/\/blog.tido.world\/paris\/wp-uploads\/nggallery\/10\/par-015-paris-at-the-last-night\/cache\/blog_paris_20130329_203112.jpg-nggid03289-ngg0dyn-294x0-00f0w010c010r110f110r010t010.jpg' media=''>\n<img title=\"blog_paris_20130329_203112\" alt=\"blog_paris_20130329_203112\" width=\"294\" height=\"196\" style=\"max-width:294px;max-height:196px\" srcset=\"http:\/\/blog.tido.world\/paris\/wp-uploads\/nggallery\/10\/par-015-paris-at-the-last-night\/cache\/blog_paris_20130329_203112.jpg-nggid03289-ngg0dyn-294x0-00f0w010c010r110f110r010t010.jpg\"\/>\n<\/picture>                <\/a>\n            <\/div>\n                            <\/div>\n<p>Zur\u00fcck im Hotel fielen wir KO ins Bett und haben sehr gut geschlafen \ud83d\ude09<\/p>\n","protected":false},"excerpt":{"rendered":"<p>Nun hatten wir die Unternehmung &#8222;auf den Eiffelturm&#8220; schon so viele Tage aufgeschoben und hatten nur noch heute und morgen Gelegenheut dazu. Der allmorgentliche Blick zum Himmel nahm uns nun die Entscheidung ab: heute! Zwar war es wieder etwas diesig, aber die Sonne schien und so reihten wir uns ein weiteres mal in eine der [&hellip;]<\/p>\n","protected":false},"author":1,"featured_media":0,"comment_status":"open","ping_status":"open","sticky":false,"template":"","format":"standard","meta":{"ngg_post_thumbnail":0,"footnotes":""},"categories":[1],"tags":[],"class_list":["post-38","post","type-post","status-publish","format-standard","hentry","category-allgemein"],"_links":{"self":[{"href":"http:\/\/blog.tido.world\/paris\/wp-json\/wp\/v2\/posts\/38","targetHints":{"allow":["GET"]}}],"collection":[{"href":"http:\/\/blog.tido.world\/paris\/wp-json\/wp\/v2\/posts"}],"about":[{"href":"http:\/\/blog.tido.world\/paris\/wp-json\/wp\/v2\/types\/post"}],"author":[{"embeddable":true,"href":"http:\/\/blog.tido.world\/paris\/wp-json\/wp\/v2\/users\/1"}],"replies":[{"embeddable":true,"href":"http:\/\/blog.tido.world\/paris\/wp-json\/wp\/v2\/comments?post=38"}],"version-history":[{"count":0,"href":"http:\/\/blog.tido.world\/paris\/wp-json\/wp\/v2\/posts\/38\/revisions"}],"wp:attachment":[{"href":"http:\/\/blog.tido.world\/paris\/wp-json\/wp\/v2\/media?parent=38"}],"wp:term":[{"taxonomy":"category","embeddable":true,"href":"http:\/\/blog.tido.world\/paris\/wp-json\/wp\/v2\/categories?post=38"},{"taxonomy":"post_tag","embeddable":true,"href":"http:\/\/blog.tido.world\/paris\/wp-json\/wp\/v2\/tags?post=38"}],"curies":[{"name":"wp","href":"https:\/\/api.w.org\/{rel}","templated":true}]}}