{"id":40,"date":"2013-03-30T23:49:00","date_gmt":"2013-03-30T22:49:00","guid":{"rendered":"http:\/\/blog.tido.world\/paris\/?p=40"},"modified":"2015-11-21T18:38:56","modified_gmt":"2015-11-21T17:38:56","slug":"fruehstueck-dort-abendessen-hier","status":"publish","type":"post","link":"http:\/\/blog.tido.world\/paris\/2013\/03\/30\/fruehstueck-dort-abendessen-hier\/","title":{"rendered":"Fr\u00fchst\u00fcck dort, Abendessen &#8230; hier!"},"content":{"rendered":"<p><i class=\"fa fa-quote-left fa-2x fa-pull-left\"><\/i>Nach einer erholsamen Nacht brach der letzte Tag in Paris an. Wir lie\u00dfen es heute recht ruhig angehen, da nun mittlerweile f\u00fcnf sch\u00f6n, aber recht anstrengende Tage hinter uns liegen. Wir mussten bis 10:00 Uhr ausgecheckt haben und hatten somit genug Zeit, um ohne hektik unseren Koffer zu packen und uns selbst f\u00fcr den letzten, eigentlich halben Tag vorzubereiten.<br \/>\nWir gaben den Zimmerschl\u00fcssel p\u00fcnktlich beim netten Herren an der Rezeption ab, konnten unser Reisegep\u00e4ck aber noch im Hotel lassen und somit auch heute nur leichtbepackt losziehen.<\/p>\n<p>Erstes Ziel war heute das Musee d&#8217;Orsay, wo wir im angrenzenden Viertel nach einem gem\u00fctlichen Pl\u00e4tzchen f\u00fcr ein sp\u00e4tes Fr\u00fchst\u00fcck Ausschau hielten. Das Wetter lud heute nicht wirklich zum drau\u00dfensitzen ein. Zwar war es trocken, aber f\u00fcr ein Kaffee im Freien war es etwas zuu frisch. Wir fanden letztendlich einen kleinen B\u00e4ckereiladen, der im 1. Obergeschoss einige urige Sitzm\u00f6glichkeiten bot. Es gab f\u00fcr uns Schokocroissants, dazu Kaffee und hei\u00dfe Schokolade. W\u00e4hrend wir die Zeit nutzen, um einige Postkarten zu schreiben, flogen sogar zwei Spatzen im G\u00e4steraum herum und genossen somit auch ein franz\u00f6sisches Fr\u00fchst\u00fcck.<\/p>\n<p>Zun\u00e4chst ges\u00e4ttigt und fertig mit den Postkarten machten wir uns wieder auf die Socken. Es war mittlerweile etwa 13:00 Uhr und so hatten wir noch knapp zwei Stunden, die wir gem\u00fctlich am Trocadero, gegen\u00fcber des Eiffelturms verbringen wollte. Nach nur wenigen Minuten Metro waren wir auch schon da.<br \/>\nWie nahmen Pl\u00e4tz und beobachteten ein wenig die Leute, die, wie auch wir am ersten Tag, aus der Metrostation kamen und in freudiger Erwartung um die Hausecke gelaufen kamen, um das Wahrzeichen der Stadt in Augenschein zu nehmen. Wir konnten nicht einen entdecken, der ein entt\u00e4uschtes Gesicht machte \ud83d\ude09<\/p>\n<p>So langsam wurde es nun doch Zeit f\u00fcr uns, Abschied zu nehmen. Wir haben die Woche trotz der Anstrengungen sehr genossen. Nach nun mehr als einem Jahr seit unserer etwas gr\u00f6\u00dferen Reise war es sch\u00f6n, wieder mal ein ganz klein wenig internationale Luft zu schnuppern.<\/p>\n<style type='text\/css'>\n    #ngg-gallery-a78a12c32baf9caf63ee44b520b0b5dc .ngg-pro-masonry-item {\n        margin-bottom: 12px;\n    }\n<\/style>\n<div class=\"ngg-pro-masonry\" id=\"ngg-gallery-a78a12c32baf9caf63ee44b520b0b5dc\">\n    <div class='ngg-pro-masonry-gutter' style='width: 12px'><\/div>\n    <div class='ngg-pro-masonry-sizer' style='width: 294px'><\/div>\n                <div class='ngg-pro-masonry-item' style='height: 441px; max-width: 294px;'>\n                <a href=\"http:\/\/blog.tido.world\/paris\/wp-uploads\/nggallery\/10\/par-016-bye-bye-eiffelturm\/blog_paris_20130330_122115.jpg\"\n                   title=\"\"\n                   data-src=\"http:\/\/blog.tido.world\/paris\/wp-uploads\/nggallery\/10\/par-016-bye-bye-eiffelturm\/blog_paris_20130330_122115.jpg\"\n                   data-thumbnail=\"http:\/\/blog.tido.world\/paris\/wp-uploads\/nggallery\/10\/par-016-bye-bye-eiffelturm\/cache\/blog_paris_20130330_122115.jpg-nggid03293-ngg0dyn-294x0-00f0w010c010r110f110r010t010.jpg\"\n                   data-image-id=\"293\"\n                   data-title=\"blog_paris_20130330_122115\"\n                   data-description=\"\"\n                   data-ngg-captions-nostylecopy=\"1\"\n                   class='nextgen_pro_lightbox' data-nplmodal-gallery-id='a78a12c32baf9caf63ee44b520b0b5dc'>\n\t                <picture>\n\t\n<source srcset='http:\/\/blog.tido.world\/paris\/wp-uploads\/nggallery\/10\/par-016-bye-bye-eiffelturm\/cache\/blog_paris_20130330_122115.jpg-nggid03293-ngg0dyn-294x0-00f0w010c010r110f110r010t010.jpg' media=''>\n<img title=\"blog_paris_20130330_122115\" alt=\"blog_paris_20130330_122115\" width=\"294\" height=\"441\" style=\"max-width:294px;max-height:441px\" srcset=\"http:\/\/blog.tido.world\/paris\/wp-uploads\/nggallery\/10\/par-016-bye-bye-eiffelturm\/cache\/blog_paris_20130330_122115.jpg-nggid03293-ngg0dyn-294x0-00f0w010c010r110f110r010t010.jpg\"\/>\n<\/picture>                <\/a>\n            <\/div>\n                                    <div class='ngg-pro-masonry-item' style='height: 441px; max-width: 294px;'>\n                <a href=\"http:\/\/blog.tido.world\/paris\/wp-uploads\/nggallery\/10\/par-016-bye-bye-eiffelturm\/blog_paris_20130330_120915.jpg\"\n                   title=\"\"\n                   data-src=\"http:\/\/blog.tido.world\/paris\/wp-uploads\/nggallery\/10\/par-016-bye-bye-eiffelturm\/blog_paris_20130330_120915.jpg\"\n                   data-thumbnail=\"http:\/\/blog.tido.world\/paris\/wp-uploads\/nggallery\/10\/par-016-bye-bye-eiffelturm\/cache\/blog_paris_20130330_120915.jpg-nggid03294-ngg0dyn-294x0-00f0w010c010r110f110r010t010.jpg\"\n                   data-image-id=\"294\"\n                   data-title=\"blog_paris_20130330_120915\"\n                   data-description=\"\"\n                   data-ngg-captions-nostylecopy=\"1\"\n                   class='nextgen_pro_lightbox' data-nplmodal-gallery-id='a78a12c32baf9caf63ee44b520b0b5dc'>\n\t                <picture>\n\t\n<source srcset='http:\/\/blog.tido.world\/paris\/wp-uploads\/nggallery\/10\/par-016-bye-bye-eiffelturm\/cache\/blog_paris_20130330_120915.jpg-nggid03294-ngg0dyn-294x0-00f0w010c010r110f110r010t010.jpg' media=''>\n<img title=\"blog_paris_20130330_120915\" alt=\"blog_paris_20130330_120915\" width=\"294\" height=\"441\" style=\"max-width:294px;max-height:441px\" srcset=\"http:\/\/blog.tido.world\/paris\/wp-uploads\/nggallery\/10\/par-016-bye-bye-eiffelturm\/cache\/blog_paris_20130330_120915.jpg-nggid03294-ngg0dyn-294x0-00f0w010c010r110f110r010t010.jpg\"\/>\n<\/picture>                <\/a>\n            <\/div>\n                                    <div class='ngg-pro-masonry-item' style='height: 441px; max-width: 294px;'>\n                <a href=\"http:\/\/blog.tido.world\/paris\/wp-uploads\/nggallery\/10\/par-016-bye-bye-eiffelturm\/blog_paris_20130330_121946.jpg\"\n                   title=\"\"\n                   data-src=\"http:\/\/blog.tido.world\/paris\/wp-uploads\/nggallery\/10\/par-016-bye-bye-eiffelturm\/blog_paris_20130330_121946.jpg\"\n                   data-thumbnail=\"http:\/\/blog.tido.world\/paris\/wp-uploads\/nggallery\/10\/par-016-bye-bye-eiffelturm\/cache\/blog_paris_20130330_121946.jpg-nggid03295-ngg0dyn-294x0-00f0w010c010r110f110r010t010.jpg\"\n                   data-image-id=\"295\"\n                   data-title=\"blog_paris_20130330_121946\"\n                   data-description=\"\"\n                   data-ngg-captions-nostylecopy=\"1\"\n                   class='nextgen_pro_lightbox' data-nplmodal-gallery-id='a78a12c32baf9caf63ee44b520b0b5dc'>\n\t                <picture>\n\t\n<source srcset='http:\/\/blog.tido.world\/paris\/wp-uploads\/nggallery\/10\/par-016-bye-bye-eiffelturm\/cache\/blog_paris_20130330_121946.jpg-nggid03295-ngg0dyn-294x0-00f0w010c010r110f110r010t010.jpg' media=''>\n<img title=\"blog_paris_20130330_121946\" alt=\"blog_paris_20130330_121946\" width=\"294\" height=\"441\" style=\"max-width:294px;max-height:441px\" srcset=\"http:\/\/blog.tido.world\/paris\/wp-uploads\/nggallery\/10\/par-016-bye-bye-eiffelturm\/cache\/blog_paris_20130330_121946.jpg-nggid03295-ngg0dyn-294x0-00f0w010c010r110f110r010t010.jpg\"\/>\n<\/picture>                <\/a>\n            <\/div>\n                                    <div class='ngg-pro-masonry-item' style='height: 441px; max-width: 294px;'>\n                <a href=\"http:\/\/blog.tido.world\/paris\/wp-uploads\/nggallery\/10\/par-016-bye-bye-eiffelturm\/blog_paris_20130330_122100.jpg\"\n                   title=\"\"\n                   data-src=\"http:\/\/blog.tido.world\/paris\/wp-uploads\/nggallery\/10\/par-016-bye-bye-eiffelturm\/blog_paris_20130330_122100.jpg\"\n                   data-thumbnail=\"http:\/\/blog.tido.world\/paris\/wp-uploads\/nggallery\/10\/par-016-bye-bye-eiffelturm\/cache\/blog_paris_20130330_122100.jpg-nggid03296-ngg0dyn-294x0-00f0w010c010r110f110r010t010.jpg\"\n                   data-image-id=\"296\"\n                   data-title=\"blog_paris_20130330_122100\"\n                   data-description=\"\"\n                   data-ngg-captions-nostylecopy=\"1\"\n                   class='nextgen_pro_lightbox' data-nplmodal-gallery-id='a78a12c32baf9caf63ee44b520b0b5dc'>\n\t                <picture>\n\t\n<source srcset='http:\/\/blog.tido.world\/paris\/wp-uploads\/nggallery\/10\/par-016-bye-bye-eiffelturm\/cache\/blog_paris_20130330_122100.jpg-nggid03296-ngg0dyn-294x0-00f0w010c010r110f110r010t010.jpg' media=''>\n<img title=\"blog_paris_20130330_122100\" alt=\"blog_paris_20130330_122100\" width=\"294\" height=\"441\" style=\"max-width:294px;max-height:441px\" srcset=\"http:\/\/blog.tido.world\/paris\/wp-uploads\/nggallery\/10\/par-016-bye-bye-eiffelturm\/cache\/blog_paris_20130330_122100.jpg-nggid03296-ngg0dyn-294x0-00f0w010c010r110f110r010t010.jpg\"\/>\n<\/picture>                <\/a>\n            <\/div>\n                            <\/div>\n<p>Wir winkten dem Turm noch einmal zu und machten uns auf dem Weg zum Hotel. Mit Sack und Pack ging es dann von dort direkt zum Flughafen. Obwohl wir wie immer sehr sehr p\u00fcnktlich waren, verging die Zeit bis zum Boarding wie im Fluge und der Flug nat\u00fcrlich auch.<\/p>\n<p>In Berlin angekommen, warteten wir zun\u00e4chst auf das Gep\u00e4ck. Zugegeben, wir waren etwas ungeduldig, denn obwohl der gebuchte Bus nach Dresden erst in knapp zwei Stunden fuhr, hatten wir dennoch ein klein wenig Hoffnung, noch eine Verbindung fr\u00fcher zwei Pl\u00e4tze zu bekommen.<br \/>\nAls wir dann endlich unseren Koffer in den H\u00e4nden hielten passierte es &#8230; Doreen musste aufs Klo! Schnell schnell schnell!<br \/>\nAls letztendlich alles erledigt war steuerten wir mit gro\u00dfen Schritten den Vorplatz des Terminals an. Schon von weitem durch die Glast\u00fcr sahen wir, dass der Bus zwar noch stand, aber ein Mitarbeiter gerade die Gep\u00e4ckf\u00e4cher schloss. Wir rannten los und fragten den Herren, ob denn noch Platz f\u00fcr uns w\u00e4re. Dieser klopfte an der T\u00fcr des Busses und fragte seinerseits den Fahrer. Der Fahrer lief den Gang einmal komplett nach hinten und wieder nach vorn und teilte uns dann mit, dass &#8222;irgendwo da hinten&#8220; noch genau zwei Sitze frei w\u00e4ren. \ud83d\ude42<\/p>\n<p>Ja, die zwei Stunden Autobahn waren schon nervig. Es war eng, warm und wenig gem\u00fctlich. Aber was solls. Statt 21:15 Uhr in Berlin loszufahren, waren wir zu eben dieser Zeit bereits am Neust\u00e4dter Bahnhof in Dresden.<\/p>\n<p>Schon w\u00e4hrend der Fahrt hatte sich Hunger breit gemacht und im Wissen, zu Hause nichts im K\u00fchlschrank zu haben, beendeten wir diesen Tag und damit unsere Woche in der Stadt der Liebe mit dem typischen Neust\u00e4dter Gericht &#8230; D\u00d6NER!<\/p>\n","protected":false},"excerpt":{"rendered":"<p>Nach einer erholsamen Nacht brach der letzte Tag in Paris an. Wir lie\u00dfen es heute recht ruhig angehen, da nun mittlerweile f\u00fcnf sch\u00f6n, aber recht anstrengende Tage hinter uns liegen. Wir mussten bis 10:00 Uhr ausgecheckt haben und hatten somit genug Zeit, um ohne hektik unseren Koffer zu packen und uns selbst f\u00fcr den letzten, [&hellip;]<\/p>\n","protected":false},"author":1,"featured_media":0,"comment_status":"open","ping_status":"open","sticky":false,"template":"","format":"standard","meta":{"ngg_post_thumbnail":0,"footnotes":""},"categories":[1],"tags":[],"class_list":["post-40","post","type-post","status-publish","format-standard","hentry","category-allgemein"],"_links":{"self":[{"href":"http:\/\/blog.tido.world\/paris\/wp-json\/wp\/v2\/posts\/40","targetHints":{"allow":["GET"]}}],"collection":[{"href":"http:\/\/blog.tido.world\/paris\/wp-json\/wp\/v2\/posts"}],"about":[{"href":"http:\/\/blog.tido.world\/paris\/wp-json\/wp\/v2\/types\/post"}],"author":[{"embeddable":true,"href":"http:\/\/blog.tido.world\/paris\/wp-json\/wp\/v2\/users\/1"}],"replies":[{"embeddable":true,"href":"http:\/\/blog.tido.world\/paris\/wp-json\/wp\/v2\/comments?post=40"}],"version-history":[{"count":0,"href":"http:\/\/blog.tido.world\/paris\/wp-json\/wp\/v2\/posts\/40\/revisions"}],"wp:attachment":[{"href":"http:\/\/blog.tido.world\/paris\/wp-json\/wp\/v2\/media?parent=40"}],"wp:term":[{"taxonomy":"category","embeddable":true,"href":"http:\/\/blog.tido.world\/paris\/wp-json\/wp\/v2\/categories?post=40"},{"taxonomy":"post_tag","embeddable":true,"href":"http:\/\/blog.tido.world\/paris\/wp-json\/wp\/v2\/tags?post=40"}],"curies":[{"name":"wp","href":"https:\/\/api.w.org\/{rel}","templated":true}]}}